{"id":71153,"date":"2019-12-24T14:58:35","date_gmt":"2019-12-24T19:58:35","guid":{"rendered":"https:\/\/linitiative.ca\/International\/selon-les-donnees-de-lons-le-taux-dinflation-a-2-sur-un-an-en-novembre\/"},"modified":"2019-12-24T14:58:35","modified_gmt":"2019-12-24T19:58:35","slug":"selon-les-donnees-de-lons-le-taux-dinflation-a-2-sur-un-an-en-novembre","status":"publish","type":"post","link":"https:\/\/linitiative.ca\/International\/selon-les-donnees-de-lons-le-taux-dinflation-a-2-sur-un-an-en-novembre\/","title":{"rendered":"Selon les donn\u00e9es de l&rsquo;ONS : Le taux d&rsquo;inflation \u00e0 2 % sur un an en novembre"},"content":{"rendered":"<p>L\u2019\u00e9volution des prix \u00e0 la consommation en rythme annuel de l\u2019Alg\u00e9rie a \u00e9t\u00e9 de 2% jusqu\u2019\u00e0 novembre 2019, a-t-on appris aupr\u00e8s de l\u2019Office national des statistiques (ONS).<\/p>\n<p>L\u2019\u00e9volution des prix \u00e0 la consommation en rythme annuel \u00e0 novembre 2019 est le taux d\u2019inflation moyen annuel calcul\u00e9 en tenant compte des 12 mois, allant de d\u00e9cembre 2018 \u00e0 novembre 2019, par rapport \u00e0 la p\u00e9riode allant de d\u00e9cembre 2017 \u00e0 novembre 2018.<\/p>\n<p>Quant \u00e0 la variation mensuelle des prix \u00e0 la consommation, qui est l\u2019indice brut des prix \u00e0 la consommation durant le mois de novembre 2019 par rapport \u00e0 celui d\u2019octobre, elle est de -0,6%, selon les donn\u00e9es de l\u2019Organisme des statistiques.<\/p>\n<p>En termes de variation mensuelle et par cat\u00e9gorie de produits, les prix des biens alimentaires ont affich\u00e9 une baisse de 2,1% en novembre dernier par rapport au mois pr\u00e9c\u00e9dent.<\/p>\n<p>En effet, cette baisse mensuelle des prix des biens alimentaires s\u2019explique, notamment, par un recul de 4,2% des prix des produits agricoles frais.<\/p>\n<p>A L\u2019exception des hausses du poissons frais (13,55%) et les \u0153ufs (9,9%), l\u2019ensemble des produits relevant de cette cat\u00e9gorie ont observ\u00e9 des baisses. La plus prononc\u00e9e a concern\u00e9 les l\u00e9gumes frais (-15,47%), les fruits frais (-8,24%), la viande de poulet (-7,05%) et la pomme de terre (-2,14%).<\/p>\n<p>Les prix des produits alimentaires industriels (agroalimentaires), ils ont connu une l\u00e9g\u00e8re hausse de 0,1%. S\u2019agissant des produits manufactur\u00e9s et des services, ils ont, \u00e9galement, connu des hausses respectives de 0,7% et 0,2%, a d\u00e9taill\u00e9 l\u2019Office.<\/p>\n<p>Par groupe de biens et services, l\u2019augmentation des prix a touch\u00e9 essentiellement le groupe des habillements et chaussures avec une augmentation de pr\u00e8s de 0,8%, ceux des transports et communication (0,9%). Les prix des produits des groupes de la sant\u00e9 hygi\u00e8ne corporelle et des produits divers ont connu une hausse de 0,6% pour chacun. Le reste des groupes de biens et services s\u2019est caract\u00e9ris\u00e9, soit par des variations mod\u00e9r\u00e9es, soit par des stagnations, a relev\u00e9 l\u2019organisme des statistiques.<\/p>\n<p>Durant les onze premiers mois de 2019, l\u2019ensemble des prix \u00e0 la consommation ont enregistr\u00e9 une hausse de 1,9%, par rapport \u00e0 la m\u00eame p\u00e9riode de 2018, a not\u00e9 l\u2019ONS.<\/p>\n<p>Cette hausse a \u00e9t\u00e9 tir\u00e9e, essentiellement, par les produits alimentaires industriels, les biens manufactur\u00e9s et enfin les services, a d\u00e9taill\u00e9 l\u2019Office.<\/p>\n<p>En effet, les produits alimentaires industriels ont connu durant les onze premiers mois 2019 et par rapport \u00e0 la m\u00eame p\u00e9riode de l\u2019ann\u00e9e derni\u00e8re, une hausse de (+1,22%).<\/p>\n<p>Les biens manufactur\u00e9s est les services ont augment\u00e9 respectivement de pr\u00e8s de 4,2\u00a0% et de 3,6\u00a0% durant la m\u00eame p\u00e9riode de comparaison.<\/p>\n<p>Par ailleurs, l\u2019ONS a indiqu\u00e9 que les prix des biens alimentaires ont connu une l\u00e9g\u00e8re baisse de 0,6%, induite notamment, par un recul de 2,36% des produits agricoles frais.<\/p>\n<p>Les baisses les plus remarquables ont concern\u00e9, notamment, la viande de poulet (15,21%), la pomme de terre (10,66%), durant les onze mois de l\u2019ann\u00e9e en cours et par rapport \u00e0 la m\u00eame p\u00e9riode de l\u2019ann\u00e9e pr\u00e9c\u00e9dente. Pour rappel, le taux d\u2019inflation de l\u2019Alg\u00e9rie avait atteint 4,3% en 2018.<\/p>\n<p>Auteur: Boudjedri<br \/>\n<a href=\"http:\/\/www.jeune-independant.net\/Selon-les-donnees-de-l-ONS-Le-taux.html\">Cliquez ici pour lire l&rsquo;article depuis sa source.<\/a><\/p>\n","protected":false},"excerpt":{"rendered":"<p>L\u2019\u00e9volution des prix \u00e0 la consommation en rythme annuel de l\u2019Alg\u00e9rie a \u00e9t\u00e9 de 2% jusqu\u2019\u00e0 novembre 2019, a-t-on appris aupr\u00e8s de l\u2019Office national des statistiques (ONS). L\u2019\u00e9volution des prix \u00e0 la consommation en rythme annuel \u00e0 novembre 2019 est le taux d\u2019inflation moyen annuel calcul\u00e9 en tenant compte des 12 mois, allant de d\u00e9cembre [&hellip;]<\/p>\n","protected":false},"author":1737,"featured_media":0,"comment_status":"closed","ping_status":"closed","sticky":false,"template":"","format":"standard","meta":{"fifu_image_url":"","fifu_image_alt":"","footnotes":""},"categories":[73,53],"tags":[],"class_list":["post-71153","post","type-post","status-publish","format-standard","hentry","category-actualite","category-algerie"],"_links":{"self":[{"href":"https:\/\/linitiative.ca\/International\/wp-json\/wp\/v2\/posts\/71153","targetHints":{"allow":["GET"]}}],"collection":[{"href":"https:\/\/linitiative.ca\/International\/wp-json\/wp\/v2\/posts"}],"about":[{"href":"https:\/\/linitiative.ca\/International\/wp-json\/wp\/v2\/types\/post"}],"author":[{"embeddable":true,"href":"https:\/\/linitiative.ca\/International\/wp-json\/wp\/v2\/users\/1737"}],"replies":[{"embeddable":true,"href":"https:\/\/linitiative.ca\/International\/wp-json\/wp\/v2\/comments?post=71153"}],"version-history":[{"count":0,"href":"https:\/\/linitiative.ca\/International\/wp-json\/wp\/v2\/posts\/71153\/revisions"}],"wp:attachment":[{"href":"https:\/\/linitiative.ca\/International\/wp-json\/wp\/v2\/media?parent=71153"}],"wp:term":[{"taxonomy":"category","embeddable":true,"href":"https:\/\/linitiative.ca\/International\/wp-json\/wp\/v2\/categories?post=71153"},{"taxonomy":"post_tag","embeddable":true,"href":"https:\/\/linitiative.ca\/International\/wp-json\/wp\/v2\/tags?post=71153"}],"curies":[{"name":"wp","href":"https:\/\/api.w.org\/{rel}","templated":true}]}}