{"id":71158,"date":"2019-12-24T06:30:00","date_gmt":"2019-12-24T11:30:00","guid":{"rendered":"https:\/\/linitiative.ca\/International\/ben-jannet-co-en-revamping-aux-berges-du-lac-photos-et-video\/"},"modified":"2019-12-24T06:30:00","modified_gmt":"2019-12-24T11:30:00","slug":"ben-jannet-co-en-revamping-aux-berges-du-lac-photos-et-video","status":"publish","type":"post","link":"https:\/\/linitiative.ca\/International\/ben-jannet-co-en-revamping-aux-berges-du-lac-photos-et-video\/","title":{"rendered":"Ben Jannet &amp; Co en revamping aux Berges du Lac  (Photos et vid\u00e9o)"},"content":{"rendered":"<p>C\u2019est dans une ambiance glamour et raffin\u00e9e que Faouzi Ben Jannet a d\u00e9voil\u00e9 les somptueuses vitrines de sa nouvelle boutique situ\u00e9e \u00e0 la rue Victoria,\u00a0 Berges du lac, notamment avec la marque star Rolex.<br \/>De la Rolex Daytona \u00e0 la Rolex Datejust, en passant par l\u2019incontournable Rolex Oyster Perpetual, aucune gamme ne manque \u00e0 l\u2019appel. Ben Jannet &#038; Co offre un large panel de montres et autres bijoux de quoi faire r\u00eaver les amateurs de la marque suisse.<\/p>\n<p>Revendeur certifi\u00e9 du grand horloger suisse,\u00a0 Ben Jannet &#038; Co, a su allier dans sa boutique finesse et luxe en proposant des mod\u00e8les allant des montres professionnelles aux montres classiques de quoi embellir tous les poignets.<\/p>\n<p class=\"c2\"><iframe loading=\"lazy\" src=\"https:\/\/www.youtube.com\/embed\/cDMqgjlsuH0\" allow=\"accelerometer; autoplay; encrypted-media; gyroscope; picture-in-picture\" allowfullscreen=\"\" width=\"560\" height=\"315\" frameborder=\"0\">[embedded content]<\/iframe><\/p>\n<p>A cela s\u2019ajoute harmonieusement quelques pi\u00e8ces de maitre orn\u00e9es de diamants de premi\u00e8re qualit\u00e9, meilleures amies de toutes femmes modernes et \u00e9l\u00e9gantes.<\/p>\n<p>Lignes \u00e9pur\u00e9es, \u00e9clairages soign\u00e9s, un accueil personnalis\u00e9 la nouvelle boutique de Ben Jannet &#038; Co vient ajouter aux Berges du Lac une note de luxe.<\/p>\n<p class=\"c3\"><strong>Fatma Hentati<br \/><\/strong> <strong>Vid\u00e9o Marwa Makni<\/strong><\/p>\n<p>Auteur:<br \/>\n<a href=\"https:\/\/www.leaders.com.tn\/article\/28701-ben-jannet-co-en-revamping-aux-berges-du-lac-photos-et-video\">Cliquez ici pour lire l&rsquo;article depuis sa source.<\/a><\/p>\n","protected":false},"excerpt":{"rendered":"<p>C\u2019est dans une ambiance glamour et raffin\u00e9e que Faouzi Ben Jannet a d\u00e9voil\u00e9 les somptueuses vitrines de sa nouvelle boutique situ\u00e9e \u00e0 la rue Victoria,\u00a0 Berges du lac, notamment avec la marque star Rolex.De la Rolex Daytona \u00e0 la Rolex Datejust, en passant par l\u2019incontournable Rolex Oyster Perpetual, aucune gamme ne manque \u00e0 l\u2019appel. Ben [&hellip;]<\/p>\n","protected":false},"author":1772,"featured_media":0,"comment_status":"closed","ping_status":"closed","sticky":false,"template":"","format":"standard","meta":{"fifu_image_url":"","fifu_image_alt":"","footnotes":""},"categories":[73,55],"tags":[],"class_list":["post-71158","post","type-post","status-publish","format-standard","hentry","category-actualite","category-tunisie"],"_links":{"self":[{"href":"https:\/\/linitiative.ca\/International\/wp-json\/wp\/v2\/posts\/71158","targetHints":{"allow":["GET"]}}],"collection":[{"href":"https:\/\/linitiative.ca\/International\/wp-json\/wp\/v2\/posts"}],"about":[{"href":"https:\/\/linitiative.ca\/International\/wp-json\/wp\/v2\/types\/post"}],"author":[{"embeddable":true,"href":"https:\/\/linitiative.ca\/International\/wp-json\/wp\/v2\/users\/1772"}],"replies":[{"embeddable":true,"href":"https:\/\/linitiative.ca\/International\/wp-json\/wp\/v2\/comments?post=71158"}],"version-history":[{"count":0,"href":"https:\/\/linitiative.ca\/International\/wp-json\/wp\/v2\/posts\/71158\/revisions"}],"wp:attachment":[{"href":"https:\/\/linitiative.ca\/International\/wp-json\/wp\/v2\/media?parent=71158"}],"wp:term":[{"taxonomy":"category","embeddable":true,"href":"https:\/\/linitiative.ca\/International\/wp-json\/wp\/v2\/categories?post=71158"},{"taxonomy":"post_tag","embeddable":true,"href":"https:\/\/linitiative.ca\/International\/wp-json\/wp\/v2\/tags?post=71158"}],"curies":[{"name":"wp","href":"https:\/\/api.w.org\/{rel}","templated":true}]}}