{"id":71163,"date":"2019-12-24T05:00:00","date_gmt":"2019-12-24T10:00:00","guid":{"rendered":"https:\/\/linitiative.ca\/International\/consternation-et-tristesse-chez-les-congressistes-du-front-polisario\/"},"modified":"2019-12-24T05:00:00","modified_gmt":"2019-12-24T10:00:00","slug":"consternation-et-tristesse-chez-les-congressistes-du-front-polisario","status":"publish","type":"post","link":"https:\/\/linitiative.ca\/International\/consternation-et-tristesse-chez-les-congressistes-du-front-polisario\/","title":{"rendered":"Consternation et tristesse chez les congressistes du Front Polisario"},"content":{"rendered":"<p>Les participants au 15e Congr\u00e8s du Front Polisario qui se tient \u00e0 Tfariti (territoires lib\u00e9r\u00e9s) ont appris avec \u00abune grande tristesse\u00bb la nouvelle du d\u00e9c\u00e8s du g\u00e9n\u00e9ral de corps d&rsquo;arm\u00e9e Ahmed Ga\u00efd Salah, vice-ministre de la D\u00e9fense nationale, chef d&rsquo;\u00e9tat-major de l&rsquo;Arm\u00e9e nationale populaire (ANP), a indiqu\u00e9 le porte-parole du Congr\u00e8s, Abou Bouchraya Bachir.<br \/>\u00abLe Congr\u00e8s a exprim\u00e9 la douleur des militants du Front Polisario et du peuple sahraoui dans son ensemble\u00bb Bouchraya Bachir, en marge des travaux du congr\u00e8s. Le porte-parole a fait savoir que les dirigeants militaires du Front Polisario \u00abpr\u00e9parent une lettre pour pr\u00e9senter \u00e0 l\u2019Alg\u00e9rie et au corps de l\u2019Arm\u00e9e nationale populaire (ANP) les condol\u00e9ances des militaires et \u00e9galement les sentiments empreints de pri\u00e8res et de recueillement des combattants de l\u2019Arm\u00e9e de lib\u00e9ration nationale sahraouie\u00bb, a-t-il ajout\u00e9.<br \/>En outre, pour le ministre d\u00e9l\u00e9gu\u00e9 charg\u00e9 de l\u2019Europe, Mohamed Sidati, \u00abc\u2019est avec consternation que nous avons appris le d\u00e9c\u00e8s d\u2019un des grands leaders de l\u2019Alg\u00e9rie, en l&rsquo;occurrence Ahmed Ga\u00efd Salah\u00bb. En ce moment de recueillement, a-t-il ajout\u00e9 dans une d\u00e9claration \u00e0 l\u2019APS, le peuple sahraoui\u2002et le Front Polisario \u00absont endeuill\u00e9s et pr\u00e9sentent leurs condol\u00e9ances les plus attrist\u00e9es au peuple et au gouvernement alg\u00e9riens ainsi qu&rsquo;au nouveau pr\u00e9sident de la R\u00e9publique, Abdelmadjid Tebboune\u00bb. \u00abNous voulons exprimer la profondeur de notre douleur et l\u2019immensit\u00e9 de ce vide que nous laisse Ahmed Ga\u00efd Salah\u00bb, a-t-il soulign\u00e9, assurant que \u00abnotre peuple qui partage cette douleur avec l\u2019Alg\u00e9rie est aujourd\u2019hui orphelin avec la disparition d\u2019un grand homme qui comptait parmi ceux qui avaient donn\u00e9 le meilleur d\u2019eux-m\u00eames \u00e0 l\u2019Alg\u00e9rie et au peuple sahraoui\u00bb. La nouvelle du d\u00e9c\u00e8s de Ahmed Ga\u00efd Salah a \u00e9galement \u00e9t\u00e9 accueillie avec \u00abune grande tristesse\u00bb, parmi les congressistes du Front Polisario.<br \/>Moutha Mohamed Bouzid, de l\u2019Union des avocats sahraouis, a pr\u00e9sent\u00e9 ses condol\u00e9ances pour l\u2019Alg\u00e9rie, se disant \u00abtriste\u00bb, exprimant solidarit\u00e9 et sympathie envers le peuple alg\u00e9rien. Ma\u00eetre Mohamed Salah Ould Salek, avocat sahraoui, repr\u00e9sentant le minist\u00e8re sahraoui de la Justice, a, pour sa part, exprim\u00e9 au peuple alg\u00e9rien \u00absympathie et douleur qui est aussi celle du peuple sahraoui apr\u00e8s cette disparition\u00bb, rappelant le patriotisme et l&rsquo;engagement du d\u00e9funt pour son pays. Lala Bent Mhamed weld Omar, venue de la wilaya d\u2019Aousserd, et qui venait de voter pour le renouvellement des structures du Front Polisario, a pr\u00e9sent\u00e9 ses condol\u00e9ances au peuple alg\u00e9rien, assurant que la femme sahraouie a appris avec \u00abune grande tristesse\u00bb le d\u00e9c\u00e8s du d\u00e9funt, qui est rest\u00e9 \u00abfid\u00e8le \u00e0 son parcours riche en grands sacrifices\u00bb au service de l&rsquo;Alg\u00e9rie. L\u2019ex-d\u00e9tenu Gdich Daf, venu du territoire sahraoui occup\u00e9, La\u00e2youne, a pr\u00e9sent\u00e9 ses condol\u00e9ances au peuple alg\u00e9rien, \u00e9voquant le long parcours du d\u00e9funt, indiquant que le d\u00e9c\u00e8s du chef d&rsquo;\u00e9tat-major constitue \u00abune douloureuse et tragique \u00e9preuve pour l\u2019Alg\u00e9rie\u00bb.<br \/>La diaspora sahraouie a elle aussi exprim\u00e9 ses condol\u00e9ances au peuple alg\u00e9rien, \u00e0 l&rsquo;instar du pr\u00e9sident du Comit\u00e9 Action et r\u00e9flexion pour l\u2019avenir du Sahara Occidental, Nadjem Sidi, une organisation fran\u00e7aise, a dit avoir accueilli avec tristesse la disparition de Ga\u00efd Salah. \u00abJe pr\u00e9sente mes condol\u00e9ances \u00e0 l\u2019Alg\u00e9rie et \u00e0 la famille d&rsquo;Ahmed Ga\u00efd Salah, un homme qui a beaucoup travaill\u00e9 pour la paix et la stabilit\u00e9 du pays et de la r\u00e9gion\u00bb, a-t-il affirm\u00e9. Pour sa part, le repr\u00e9sentant de la Ligue des journalistes sahraouis d\u2019Europe, Bachir Mohamed Lahc\u00e8ne, a dit \u00eatre \u00abchoqu\u00e9\u00bb par la nouvelle du d\u00e9c\u00e8s du moudjahid Ahmed Ga\u00efd Salah, qui avait men\u00e9 un long parcours r\u00e9volutionnaire et au sein de la D\u00e9fense nationale.<br \/>Le g\u00e9n\u00e9ral de corps d&rsquo;arm\u00e9e Ahmed Ga\u00efd Salah, vice-ministre de la D\u00e9fense nationale, chef d&rsquo;\u00e9tat-major de l&rsquo;Arm\u00e9e nationale populaire (ANP), est d\u00e9c\u00e9d\u00e9, lundi, des suites d&rsquo;un arr\u00eat cardiaque en son domicile \u00e0 l&rsquo;\u00e2ge de 80 ans.<br \/>APS<\/p>\n<p>Auteur:<br \/>\n<a href=\"https:\/\/www.lesoirdalgerie.com\/actualites\/consternation-et-tristesse-chez-les-congressistes-du-front-polisario-35845\">Cliquez ici pour lire l&rsquo;article depuis sa source.<\/a><\/p>\n","protected":false},"excerpt":{"rendered":"<p>Les participants au 15e Congr\u00e8s du Front Polisario qui se tient \u00e0 Tfariti (territoires lib\u00e9r\u00e9s) ont appris avec \u00abune grande tristesse\u00bb la nouvelle du d\u00e9c\u00e8s du g\u00e9n\u00e9ral de corps d&rsquo;arm\u00e9e Ahmed Ga\u00efd Salah, vice-ministre de la D\u00e9fense nationale, chef d&rsquo;\u00e9tat-major de l&rsquo;Arm\u00e9e nationale populaire (ANP), a indiqu\u00e9 le porte-parole du Congr\u00e8s, Abou Bouchraya Bachir.\u00abLe Congr\u00e8s [&hellip;]<\/p>\n","protected":false},"author":1741,"featured_media":0,"comment_status":"closed","ping_status":"closed","sticky":false,"template":"","format":"standard","meta":{"fifu_image_url":"","fifu_image_alt":"","footnotes":""},"categories":[73,53],"tags":[],"class_list":["post-71163","post","type-post","status-publish","format-standard","hentry","category-actualite","category-algerie"],"_links":{"self":[{"href":"https:\/\/linitiative.ca\/International\/wp-json\/wp\/v2\/posts\/71163","targetHints":{"allow":["GET"]}}],"collection":[{"href":"https:\/\/linitiative.ca\/International\/wp-json\/wp\/v2\/posts"}],"about":[{"href":"https:\/\/linitiative.ca\/International\/wp-json\/wp\/v2\/types\/post"}],"author":[{"embeddable":true,"href":"https:\/\/linitiative.ca\/International\/wp-json\/wp\/v2\/users\/1741"}],"replies":[{"embeddable":true,"href":"https:\/\/linitiative.ca\/International\/wp-json\/wp\/v2\/comments?post=71163"}],"version-history":[{"count":0,"href":"https:\/\/linitiative.ca\/International\/wp-json\/wp\/v2\/posts\/71163\/revisions"}],"wp:attachment":[{"href":"https:\/\/linitiative.ca\/International\/wp-json\/wp\/v2\/media?parent=71163"}],"wp:term":[{"taxonomy":"category","embeddable":true,"href":"https:\/\/linitiative.ca\/International\/wp-json\/wp\/v2\/categories?post=71163"},{"taxonomy":"post_tag","embeddable":true,"href":"https:\/\/linitiative.ca\/International\/wp-json\/wp\/v2\/tags?post=71163"}],"curies":[{"name":"wp","href":"https:\/\/api.w.org\/{rel}","templated":true}]}}