{"id":71166,"date":"2019-12-24T05:00:00","date_gmt":"2019-12-24T10:00:00","guid":{"rendered":"https:\/\/linitiative.ca\/International\/un-homme-un-parcours\/"},"modified":"2019-12-24T05:00:00","modified_gmt":"2019-12-24T10:00:00","slug":"un-homme-un-parcours","status":"publish","type":"post","link":"https:\/\/linitiative.ca\/International\/un-homme-un-parcours\/","title":{"rendered":"Un homme, un parcours"},"content":{"rendered":"<p>Le g\u00e9n\u00e9ral de corps d\u2019arm\u00e9e Ahmed Ga\u00efd Salah, vice-ministre de la D\u00e9fense nationale, chef d&rsquo;\u00e9tat-major de l&rsquo;Arm\u00e9e nationale populaire (ANP), septi\u00e8me chef dans les rangs de corps d\u2019arm\u00e9e, est d\u00e9c\u00e9d\u00e9 hier lundi des suites d\u2019une crise cardiaque \u00e0 l&rsquo;\u00e2ge de 79 ans. Qui \u00e9tait cet homme qui a fait beaucoup parler de lui ces dix derniers mois ?<br \/>N\u00e9 le 13 janvier 1940 dans la wilaya de Batna, ce militant du mouvement nationaliste rejoint, \u00e0 l&rsquo;\u00e2ge de 17 ans, le maquis o\u00f9 il gravit les \u00e9chelons de la hi\u00e9rarchie pour \u00eatre d\u00e9sign\u00e9 commandant de Compagnie, respectivement aux 21e, 29e, et 39e bataillons de l&rsquo;Arm\u00e9e de Lib\u00e9ration nationale. A l&rsquo;ind\u00e9pendance, apr\u00e8s un cycle de formation en Alg\u00e9rie, pendant deux ans et en ex-URSS, pendant deux ans \u00e9galement, de 1969 \u00e0 1971, il a \u00e9t\u00e9 dipl\u00f4m\u00e9 notamment de l&rsquo;Acad\u00e9mie de Vystrel (Moscou). Le d\u00e9funt a particip\u00e9, en 1968, \u00e0 la campagne du Moyen-Orient en Egypte. Il a eu \u00e0 assumer au sein du corps de bataille terrestre les fonctions de commandant de groupe d&rsquo;artillerie, commandant de brigade, commandant du secteur op\u00e9rationnel Centre, Bordj Lotfi 3e r\u00e9gion militaire, commandant de l&rsquo;Ecole de formation des officiers de r\u00e9serve, Blida, 1re r\u00e9gion militaire, commandant du Secteur op\u00e9rationnel Sud de Tindouf en 3e R\u00e9gion militaire, commandant-adjoint de la 5e R\u00e9gion militaire, commandant de la 3e R\u00e9gion militaire et commandant de la 2e R\u00e9gion militaire. Ga\u00efd Salah a \u00e9t\u00e9 promu au grade de g\u00e9n\u00e9ral-major le 5 juillet 1993 et commandant des Forces terrestres en 1994. Le 3 ao\u00fbt 2004, il a \u00e9t\u00e9 d\u00e9sign\u00e9 chef d&rsquo;\u00e9tat-major de l&rsquo;ANP avant d&rsquo;\u00eatre promu au grade de g\u00e9n\u00e9ral de corps d&rsquo;arm\u00e9e le 5 juillet 2006. Et depuis le 11 septembre 2013, le g\u00e9n\u00e9ral de corps d&rsquo;arm\u00e9e Ahmed Ga\u00efd Salah est \u00e9galement vice-ministre de la D\u00e9fense nationale, chef d&rsquo;\u00e9tat-major de l&rsquo;ANP. Il a \u00e9t\u00e9 d\u00e9cor\u00e9 de la m\u00e9daille de l&rsquo;ALN, la m\u00e9daille de l&rsquo;ANP 3e chevron, m\u00e9daille de participation de l&rsquo;ANP aux guerres du Moyen-Orient 1967 et 1973, la m\u00e9daille de Bravoure, la m\u00e9daille du M\u00e9rite militaire et la m\u00e9daille d&rsquo;Honneur. Il \u00e9tait aussi l\u2019un des principaux acteurs de la promulgation en 2016 d\u2019une loi obligeant les officiers \u00e0 la retraite \u00e0 un devoir de r\u00e9serve sous peine de poursuites judiciaires. Cependant, depuis le mois de f\u00e9vrier dernier, suite au d\u00e9clenchement de la r\u00e9volution populaire pour le rejet du cinqui\u00e8me mandat de Abdelaziz Bouteflika, Ahmed Ga\u00efd Salah devient non seulement une personnalit\u00e9 tr\u00e8s \u00abpopulaire\u00bb, mais aussi comme le v\u00e9ritable homme fort du pays. Ainsi, c\u2019est lui qui avait pouss\u00e9 l\u2019ancien pr\u00e9sident \u00e0 la sortie, en exigeant dans son discours du 26 mars l\u2019application de l\u2019article 102 de la Constitution qui stipule la d\u00e9mission ou la destitution du pr\u00e9sident de la R\u00e9publique pour des raisons de sant\u00e9. Depuis cette d\u00e9mission, il ne passe pas une semaine sans que Ga\u00efd Salah s\u2019adresse \u00e0 la population, qui sort chaque vendredi pour demander le d\u00e9part du syst\u00e8me. En tout, il a prononc\u00e9 une cinquantaine de discours durant cette p\u00e9riode lors de ses visites dans de nombreuses r\u00e9gions militaires, en affirmant \u00e0 chacune de ses sorties que l\u2019arm\u00e9e nationale populaire accompagnera et prot\u00e9gera le peuple. Il engagera ainsi une guerre contre plusieurs hommes d\u2019affaires et anciens responsables de l\u2019Etat coupables de corruption et d\u2019abus de pouvoir, assurant que l\u2019Alg\u00e9rie est d\u00e9termin\u00e9e \u00e0 en finir avec la Issaba. Il a \u00e9t\u00e9 intransigeant contre les partisans d\u2019une p\u00e9riode de transition et du report de l\u2019\u00e9lection pr\u00e9sidentielle. \u00abLes \u00e9lections auront lieu \u00e0 la date fix\u00e9e\u00bb, a-t-il toujours rappel\u00e9 en pesant de son poids pour acc\u00e9l\u00e9rer le processus. La derni\u00e8re apparition publique de Ga\u00efd Salah remonte \u00e0 jeudi 19 d\u00e9cembre, lors de la prestation de serment du pr\u00e9sident Abdelmadjid Tebboune. Ce dernier l\u2019avait d\u2019ailleurs d\u00e9cor\u00e9 de la m\u00e9daille de l&rsquo;Ordre du m\u00e9rite national de rang \u00abSadr\u00bb, r\u00e9serv\u00e9e, jusque-l\u00e0, aux chefs d\u2019Etat.<br \/>Salima Akkouche<\/p>\n<p>Auteur:<br \/>\n<a href=\"https:\/\/www.lesoirdalgerie.com\/actualites\/un-homme-un-parcours-35842\">Cliquez ici pour lire l&rsquo;article depuis sa source.<\/a><\/p>\n","protected":false},"excerpt":{"rendered":"<p>Le g\u00e9n\u00e9ral de corps d\u2019arm\u00e9e Ahmed Ga\u00efd Salah, vice-ministre de la D\u00e9fense nationale, chef d&rsquo;\u00e9tat-major de l&rsquo;Arm\u00e9e nationale populaire (ANP), septi\u00e8me chef dans les rangs de corps d\u2019arm\u00e9e, est d\u00e9c\u00e9d\u00e9 hier lundi des suites d\u2019une crise cardiaque \u00e0 l&rsquo;\u00e2ge de 79 ans. Qui \u00e9tait cet homme qui a fait beaucoup parler de lui ces dix [&hellip;]<\/p>\n","protected":false},"author":1741,"featured_media":0,"comment_status":"closed","ping_status":"closed","sticky":false,"template":"","format":"standard","meta":{"fifu_image_url":"","fifu_image_alt":"","footnotes":""},"categories":[73,53],"tags":[],"class_list":["post-71166","post","type-post","status-publish","format-standard","hentry","category-actualite","category-algerie"],"_links":{"self":[{"href":"https:\/\/linitiative.ca\/International\/wp-json\/wp\/v2\/posts\/71166","targetHints":{"allow":["GET"]}}],"collection":[{"href":"https:\/\/linitiative.ca\/International\/wp-json\/wp\/v2\/posts"}],"about":[{"href":"https:\/\/linitiative.ca\/International\/wp-json\/wp\/v2\/types\/post"}],"author":[{"embeddable":true,"href":"https:\/\/linitiative.ca\/International\/wp-json\/wp\/v2\/users\/1741"}],"replies":[{"embeddable":true,"href":"https:\/\/linitiative.ca\/International\/wp-json\/wp\/v2\/comments?post=71166"}],"version-history":[{"count":0,"href":"https:\/\/linitiative.ca\/International\/wp-json\/wp\/v2\/posts\/71166\/revisions"}],"wp:attachment":[{"href":"https:\/\/linitiative.ca\/International\/wp-json\/wp\/v2\/media?parent=71166"}],"wp:term":[{"taxonomy":"category","embeddable":true,"href":"https:\/\/linitiative.ca\/International\/wp-json\/wp\/v2\/categories?post=71166"},{"taxonomy":"post_tag","embeddable":true,"href":"https:\/\/linitiative.ca\/International\/wp-json\/wp\/v2\/tags?post=71166"}],"curies":[{"name":"wp","href":"https:\/\/api.w.org\/{rel}","templated":true}]}}