{"id":71167,"date":"2019-12-24T05:00:00","date_gmt":"2019-12-24T10:00:00","guid":{"rendered":"https:\/\/linitiative.ca\/International\/plan-anti-tuberculose\/"},"modified":"2019-12-24T05:00:00","modified_gmt":"2019-12-24T10:00:00","slug":"plan-anti-tuberculose","status":"publish","type":"post","link":"https:\/\/linitiative.ca\/International\/plan-anti-tuberculose\/","title":{"rendered":"Plan anti-tuberculose"},"content":{"rendered":"<p><a href=\"\/profil\/ammar-belhimer\"\/><\/p>\n<p class=\"type-text\">A fonds perdus<\/p>\n<p class=\"author-date\"><a href=\"\/profil\/ammar-belhimer\"><strong>Ammar Belhimer<\/strong><\/a> &#8211; 24\/12\/2019<\/p>\n<p><a href=\"\/a-fonds-perdus\/personne-na-le-monopole-du-coeur-35829\"\/><\/p>\n<p class=\"title-text\">\u00abPersonne n\u2019a le monopole du c\u0153ur\u00bb<\/p>\n<p><a href=\"\/a-fonds-perdus\/personne-na-le-monopole-du-coeur-35829\"\/><\/p>\n<p class=\"paragraph\">On assiste depuis la crise de la d\u00e9mocratie europ\u00e9enne, balay\u00e9e par une vague populiste, \u00e0 un transfert du centre de la pens\u00e9e progressiste ou de gauche vers le monde anglo-saxon en g\u00e9n\u00e9ral, les Etats-Unis<\/p>\n<p>Auteur:<br \/>\n<a href=\"https:\/\/www.lesoirdalgerie.com\/periscoop\/plan-anti-tuberculose-35840\">Cliquez ici pour lire l&rsquo;article depuis sa source.<\/a><\/p>\n","protected":false},"excerpt":{"rendered":"<p>A fonds perdus Ammar Belhimer &#8211; 24\/12\/2019 \u00abPersonne n\u2019a le monopole du c\u0153ur\u00bb On assiste depuis la crise de la d\u00e9mocratie europ\u00e9enne, balay\u00e9e par une vague populiste, \u00e0 un transfert du centre de la pens\u00e9e progressiste ou de gauche vers le monde anglo-saxon en g\u00e9n\u00e9ral, les Etats-Unis Auteur: Cliquez ici pour lire l&rsquo;article depuis sa [&hellip;]<\/p>\n","protected":false},"author":1741,"featured_media":0,"comment_status":"closed","ping_status":"closed","sticky":false,"template":"","format":"standard","meta":{"fifu_image_url":"","fifu_image_alt":"","footnotes":""},"categories":[73,53],"tags":[],"class_list":["post-71167","post","type-post","status-publish","format-standard","hentry","category-actualite","category-algerie"],"_links":{"self":[{"href":"https:\/\/linitiative.ca\/International\/wp-json\/wp\/v2\/posts\/71167","targetHints":{"allow":["GET"]}}],"collection":[{"href":"https:\/\/linitiative.ca\/International\/wp-json\/wp\/v2\/posts"}],"about":[{"href":"https:\/\/linitiative.ca\/International\/wp-json\/wp\/v2\/types\/post"}],"author":[{"embeddable":true,"href":"https:\/\/linitiative.ca\/International\/wp-json\/wp\/v2\/users\/1741"}],"replies":[{"embeddable":true,"href":"https:\/\/linitiative.ca\/International\/wp-json\/wp\/v2\/comments?post=71167"}],"version-history":[{"count":0,"href":"https:\/\/linitiative.ca\/International\/wp-json\/wp\/v2\/posts\/71167\/revisions"}],"wp:attachment":[{"href":"https:\/\/linitiative.ca\/International\/wp-json\/wp\/v2\/media?parent=71167"}],"wp:term":[{"taxonomy":"category","embeddable":true,"href":"https:\/\/linitiative.ca\/International\/wp-json\/wp\/v2\/categories?post=71167"},{"taxonomy":"post_tag","embeddable":true,"href":"https:\/\/linitiative.ca\/International\/wp-json\/wp\/v2\/tags?post=71167"}],"curies":[{"name":"wp","href":"https:\/\/api.w.org\/{rel}","templated":true}]}}