{"id":71169,"date":"2019-12-24T15:25:22","date_gmt":"2019-12-24T20:25:22","guid":{"rendered":"https:\/\/linitiative.ca\/International\/tunisie-les-premiers-noms-des-membres-du-prochain-gouvernement\/"},"modified":"2019-12-24T15:25:22","modified_gmt":"2019-12-24T20:25:22","slug":"tunisie-les-premiers-noms-des-membres-du-prochain-gouvernement","status":"publish","type":"post","link":"https:\/\/linitiative.ca\/International\/tunisie-les-premiers-noms-des-membres-du-prochain-gouvernement\/","title":{"rendered":"Tunisie \u2013 Les premiers noms des membres du prochain gouvernement"},"content":{"rendered":"<div class=\"post-cont-in left relative\">\n<div class=\"swp_social_panel swp_horizontal_panel swp_flat_fresh swp_default_full_color swp_individual_full_color swp_other_full_color scale-100 scale-\" data-min-width=\"1100\" data-float-color=\"#ffffff\" data-float=\"none\" data-float-mobile=\"none\" data-transition=\"slide\">\n<div class=\"nc_tweetContainer swp_share_button total_shares total_sharesalt\"><span class=\"swp_count\">159 <span class=\"swp_label\">Partages<\/span><\/span><\/div>\n<\/div>\n<p>Les \u00e9chos ont commenc\u00e9 \u00e0 fuiter des coulisses de Dar Dhiafa sur les noms qui feront, tr\u00e8s probablement, partie du prochain gouvernement de comp\u00e9tences nationales.<\/p>\n<div class=\"code-block code-block-1 c3\"><ins class=\"adsbygoogle c2\" data-ad-layout=\"in-article\" data-ad-format=\"fluid\" data-ad-client=\"ca-pub-2102118777505746\" data-ad-slot=\"7301775417\"\/> <\/div>\n<p>Selon ces \u00e9chos,<\/p>\n<ul>\n<li>Othmene Jarandi, ancien ministre, serait charg\u00e9 des affaires \u00e9trang\u00e8res<\/li>\n<li>Mustapha Ferjani, directeur de la sant\u00e9 militaire, prendrait la direction du minist\u00e8re de la sant\u00e9.<\/li>\n<li>Olfa Hamdi r\u00e9cup\u00e9rera le minist\u00e8re de l\u2019\u00e9quipement<\/li>\n<li>Faten Bel Hedi, PDG des march\u00e9s de gros, au minist\u00e8re du commerce<\/li>\n<li>Sofiene Essid \u00e0 la t\u00eate du minist\u00e8re de l\u2019int\u00e9rieur<\/li>\n<li>Tarek Askri au minist\u00e8re de la justice<\/li>\n<li>Nabil Ghalleb actuel DG de la banque Zitouna au minist\u00e8re de l\u2019\u00e9conomie<\/li>\n<li>Samira Ben Gaddour au minist\u00e8re de la femme<\/li>\n<li>Ren\u00e9 Trabelsi serait, vraisemblablement, maintenu au minist\u00e8re du tourisme.<\/li>\n<\/ul>\n<p><strong>Que se passe-t-il en Tunisie?<\/strong><br \/>Nous expliquons sur notre <a href=\"https:\/\/www.youtube.com\/channel\/UCRzypVq0B_yBad5eGrwBx0Q?sub_confirmation=1\" target=\"_blank\" rel=\"noopener noreferrer\">cha\u00eene YouTube<\/a> . <a href=\"https:\/\/www.youtube.com\/channel\/UCRzypVq0B_yBad5eGrwBx0Q?sub_confirmation=1\" target=\"_blank\" rel=\"noopener noreferrer\">Abonnez-vous!<\/a><\/p>\n<div class=\"mvp-org-wrap mvp-org-logo\" itemprop=\"publisher\" itemscope=\"\" itemtype=\"https:\/\/schema.org\/Organization\"><img decoding=\"async\" src=\"https:\/\/www.tunisienumerique.com\/wp-content\/uploads\/2017\/02\/logo_tunisie_numerique.png\"\/><\/div>\n<div class=\"swp_social_panel swp_horizontal_panel swp_flat_fresh swp_default_full_color swp_individual_full_color swp_other_full_color scale-100 scale-\" data-min-width=\"1100\" data-float-color=\"#ffffff\" data-float=\"none\" data-float-mobile=\"none\" data-transition=\"slide\">\n<div class=\"nc_tweetContainer swp_share_button total_shares total_sharesalt\"><span class=\"swp_count\">159 <span class=\"swp_label\">Partages<\/span><\/span><\/div>\n<\/div>\n<div class=\"mvp-related-posts left relative\">\n<h4 class=\"post-header\"><span class=\"post-header\">Lire aussi<\/span><\/h4>\n<\/div>\n<\/div>\n<p>Auteur: LM<br \/>\n<a href=\"https:\/\/www.tunisienumerique.com\/tunisie-les-premiers-noms-des-membres-du-prochain-gouvernement\/\">Cliquez ici pour lire l&rsquo;article depuis sa source.<\/a><\/p>\n","protected":false},"excerpt":{"rendered":"<p>159 Partages Les \u00e9chos ont commenc\u00e9 \u00e0 fuiter des coulisses de Dar Dhiafa sur les noms qui feront, tr\u00e8s probablement, partie du prochain gouvernement de comp\u00e9tences nationales. Selon ces \u00e9chos, Othmene Jarandi, ancien ministre, serait charg\u00e9 des affaires \u00e9trang\u00e8res Mustapha Ferjani, directeur de la sant\u00e9 militaire, prendrait la direction du minist\u00e8re de la sant\u00e9. Olfa [&hellip;]<\/p>\n","protected":false},"author":1789,"featured_media":71170,"comment_status":"closed","ping_status":"closed","sticky":false,"template":"","format":"standard","meta":{"fifu_image_url":"","fifu_image_alt":"","footnotes":""},"categories":[73,55],"tags":[],"class_list":["post-71169","post","type-post","status-publish","format-standard","has-post-thumbnail","hentry","category-actualite","category-tunisie"],"_links":{"self":[{"href":"https:\/\/linitiative.ca\/International\/wp-json\/wp\/v2\/posts\/71169","targetHints":{"allow":["GET"]}}],"collection":[{"href":"https:\/\/linitiative.ca\/International\/wp-json\/wp\/v2\/posts"}],"about":[{"href":"https:\/\/linitiative.ca\/International\/wp-json\/wp\/v2\/types\/post"}],"author":[{"embeddable":true,"href":"https:\/\/linitiative.ca\/International\/wp-json\/wp\/v2\/users\/1789"}],"replies":[{"embeddable":true,"href":"https:\/\/linitiative.ca\/International\/wp-json\/wp\/v2\/comments?post=71169"}],"version-history":[{"count":0,"href":"https:\/\/linitiative.ca\/International\/wp-json\/wp\/v2\/posts\/71169\/revisions"}],"wp:featuredmedia":[{"embeddable":true,"href":"https:\/\/linitiative.ca\/International\/wp-json\/"}],"wp:attachment":[{"href":"https:\/\/linitiative.ca\/International\/wp-json\/wp\/v2\/media?parent=71169"}],"wp:term":[{"taxonomy":"category","embeddable":true,"href":"https:\/\/linitiative.ca\/International\/wp-json\/wp\/v2\/categories?post=71169"},{"taxonomy":"post_tag","embeddable":true,"href":"https:\/\/linitiative.ca\/International\/wp-json\/wp\/v2\/tags?post=71169"}],"curies":[{"name":"wp","href":"https:\/\/api.w.org\/{rel}","templated":true}]}}