{"id":71171,"date":"2019-12-24T15:29:30","date_gmt":"2019-12-24T20:29:30","guid":{"rendered":"https:\/\/linitiative.ca\/International\/tunisie-khemiri-confirme-la-decision-du-gouvernement-de-competences-a-ete-prise-par-ghannouchi\/"},"modified":"2019-12-24T15:29:30","modified_gmt":"2019-12-24T20:29:30","slug":"tunisie-khemiri-confirme-la-decision-du-gouvernement-de-competences-a-ete-prise-par-ghannouchi","status":"publish","type":"post","link":"https:\/\/linitiative.ca\/International\/tunisie-khemiri-confirme-la-decision-du-gouvernement-de-competences-a-ete-prise-par-ghannouchi\/","title":{"rendered":"Tunisie \u2013 Khemiri confirme\u00a0: La d\u00e9cision du gouvernement de comp\u00e9tences a \u00e9t\u00e9 prise par Ghannouchi"},"content":{"rendered":"<div class=\"post-cont-in left relative\">\n<div class=\"swp_social_panel swp_horizontal_panel swp_flat_fresh swp_default_full_color swp_individual_full_color swp_other_full_color scale-100 scale-\" data-min-width=\"1100\" data-float-color=\"#ffffff\" data-float=\"none\" data-float-mobile=\"none\" data-transition=\"slide\">\n<div class=\"nc_tweetContainer swp_share_button total_shares total_sharesalt\"><span class=\"swp_count\">37 <span class=\"swp_label\">Partages<\/span><\/span><\/div>\n<\/div>\n<p>Le porte parole du parti <a href=\"https:\/\/www.tunisienumerique.com\/tunisie-actualite\/ennahdha\/\" title=\"Ennahdha\" target=\"_top\" class=\"auto-link\" rel=\"noopener noreferrer\">Ennahdha<\/a>, Imed Khemiri, l\u2019a confirm\u00e9 dans ses d\u00e9clarations \u00e0 la presse\u00a0: La d\u00e9cision de passer \u00e0 la formation d\u2019un gouvernement de comp\u00e9tences a \u00e9t\u00e9 prise par le bureau ex\u00e9cutif d\u2019ennahdha. Autant dire, par <a href=\"https:\/\/www.tunisienumerique.com\/tunisie-actualite\/rached-ghannouchi\/\" title=\"Rached Ghannouchi\" target=\"_top\" class=\"auto-link\" rel=\"noopener noreferrer\">Rached Ghannouchi<\/a>, et ce, bien avant la d\u00e9claration par <a href=\"https:\/\/www.tunisienumerique.com\/tunisie-actualite\/kais-saied\/\" title=\"Ka\u00efs Sa\u00efed\" target=\"_top\" class=\"auto-link\" rel=\"noopener noreferrer\">Ka\u00efs Sa\u00efed<\/a> de son initiative.<\/p>\n<div class=\"code-block code-block-1 c3\"><ins class=\"adsbygoogle c2\" data-ad-layout=\"in-article\" data-ad-format=\"fluid\" data-ad-client=\"ca-pub-2102118777505746\" data-ad-slot=\"7301775417\"\/> <\/div>\n<p>Ce qui confirme ce que tout le monde pr\u00e9sumait, dans le sens o\u00f9 <a href=\"https:\/\/www.tunisienumerique.com\/tunisie-actualite\/habib-jemli\/\" title=\"Habib Jemli\" target=\"_top\" class=\"auto-link\" rel=\"noopener noreferrer\">Habib Jemli<\/a> n\u2019aurait jamais pu prendre une d\u00e9cision pareille, sans l\u2019aval d\u2019Ennahdha. Et confirme, aussi, que les \u00ab\u00a0comp\u00e9tences ind\u00e9pendantes\u00a0\u00bb qui formeront le prochain gouvernement, ne seront pas aussi ind\u00e9pendantes qu\u2019on voudrait le pr\u00e9tendre.<\/p>\n<p>D\u2019ailleurs, la d\u00e9cision prise par Ghannouchi et valid\u00e9e par le bureau ex\u00e9cutif d\u2019Ennahdha, compl\u00e8tement acquis \u00e0 sa cause, ne fait pas l\u2019unanimit\u00e9 au niveau de la direction du parti, puisque plusieurs voix se sont \u00e9lev\u00e9es, du conseil de la Choura, pour d\u00e9noncer cette libert\u00e9 prise par Ghannouchi, qui devait se limiter aux choix du conseil, qui allaient dans le sens qu\u2019Ennahdha devait gouverner, \u00e0 cette \u00e9tape. En effet, au conseil d\u2019Ennahdha on qualifie cette d\u00e9cision prise de fa\u00e7on unilat\u00e9rale par Ghannouchi, d\u2019arnaque fait \u00e0 la volont\u00e9 du parti et de ses institutions.<\/p>\n<p><strong>Que se passe-t-il en Tunisie?<\/strong><br \/>Nous expliquons sur notre <a href=\"https:\/\/www.youtube.com\/channel\/UCRzypVq0B_yBad5eGrwBx0Q?sub_confirmation=1\" target=\"_blank\" rel=\"noopener noreferrer\">cha\u00eene YouTube<\/a> . <a href=\"https:\/\/www.youtube.com\/channel\/UCRzypVq0B_yBad5eGrwBx0Q?sub_confirmation=1\" target=\"_blank\" rel=\"noopener noreferrer\">Abonnez-vous!<\/a><\/p>\n<div class=\"mvp-org-wrap mvp-org-logo\" itemprop=\"publisher\" itemscope=\"\" itemtype=\"https:\/\/schema.org\/Organization\"><img decoding=\"async\" src=\"https:\/\/www.tunisienumerique.com\/wp-content\/uploads\/2017\/02\/logo_tunisie_numerique.png\"\/><\/div>\n<div class=\"swp_social_panel swp_horizontal_panel swp_flat_fresh swp_default_full_color swp_individual_full_color swp_other_full_color scale-100 scale-\" data-min-width=\"1100\" data-float-color=\"#ffffff\" data-float=\"none\" data-float-mobile=\"none\" data-transition=\"slide\">\n<div class=\"nc_tweetContainer swp_share_button total_shares total_sharesalt\"><span class=\"swp_count\">37 <span class=\"swp_label\">Partages<\/span><\/span><\/div>\n<\/div>\n<div class=\"mvp-related-posts left relative\">\n<h4 class=\"post-header\"><span class=\"post-header\">Lire aussi<\/span><\/h4>\n<\/div>\n<\/div>\n<p>Auteur: LM<br \/>\n<a href=\"https:\/\/www.tunisienumerique.com\/tunisie-khemiri-confirme-la-decision-du-gouvernement-de-competences-a-ete-prise-par-ghannouchi\/\">Cliquez ici pour lire l&rsquo;article depuis sa source.<\/a><\/p>\n","protected":false},"excerpt":{"rendered":"<p>37 Partages Le porte parole du parti Ennahdha, Imed Khemiri, l\u2019a confirm\u00e9 dans ses d\u00e9clarations \u00e0 la presse\u00a0: La d\u00e9cision de passer \u00e0 la formation d\u2019un gouvernement de comp\u00e9tences a \u00e9t\u00e9 prise par le bureau ex\u00e9cutif d\u2019ennahdha. Autant dire, par Rached Ghannouchi, et ce, bien avant la d\u00e9claration par Ka\u00efs Sa\u00efed de son initiative. Ce [&hellip;]<\/p>\n","protected":false},"author":1789,"featured_media":71172,"comment_status":"closed","ping_status":"closed","sticky":false,"template":"","format":"standard","meta":{"fifu_image_url":"","fifu_image_alt":"","footnotes":""},"categories":[73,55],"tags":[],"class_list":["post-71171","post","type-post","status-publish","format-standard","has-post-thumbnail","hentry","category-actualite","category-tunisie"],"_links":{"self":[{"href":"https:\/\/linitiative.ca\/International\/wp-json\/wp\/v2\/posts\/71171","targetHints":{"allow":["GET"]}}],"collection":[{"href":"https:\/\/linitiative.ca\/International\/wp-json\/wp\/v2\/posts"}],"about":[{"href":"https:\/\/linitiative.ca\/International\/wp-json\/wp\/v2\/types\/post"}],"author":[{"embeddable":true,"href":"https:\/\/linitiative.ca\/International\/wp-json\/wp\/v2\/users\/1789"}],"replies":[{"embeddable":true,"href":"https:\/\/linitiative.ca\/International\/wp-json\/wp\/v2\/comments?post=71171"}],"version-history":[{"count":0,"href":"https:\/\/linitiative.ca\/International\/wp-json\/wp\/v2\/posts\/71171\/revisions"}],"wp:featuredmedia":[{"embeddable":true,"href":"https:\/\/linitiative.ca\/International\/wp-json\/"}],"wp:attachment":[{"href":"https:\/\/linitiative.ca\/International\/wp-json\/wp\/v2\/media?parent=71171"}],"wp:term":[{"taxonomy":"category","embeddable":true,"href":"https:\/\/linitiative.ca\/International\/wp-json\/wp\/v2\/categories?post=71171"},{"taxonomy":"post_tag","embeddable":true,"href":"https:\/\/linitiative.ca\/International\/wp-json\/wp\/v2\/tags?post=71171"}],"curies":[{"name":"wp","href":"https:\/\/api.w.org\/{rel}","templated":true}]}}