{"id":71175,"date":"2019-12-24T16:05:20","date_gmt":"2019-12-24T21:05:20","guid":{"rendered":"https:\/\/linitiative.ca\/International\/tunisie-nidaa-tounes-dement-avoir-ete-deloge-de-son-siege-a-tunis\/"},"modified":"2019-12-24T16:05:20","modified_gmt":"2019-12-24T21:05:20","slug":"tunisie-nidaa-tounes-dement-avoir-ete-deloge-de-son-siege-a-tunis","status":"publish","type":"post","link":"https:\/\/linitiative.ca\/International\/tunisie-nidaa-tounes-dement-avoir-ete-deloge-de-son-siege-a-tunis\/","title":{"rendered":"Tunisie \u2013 Nidaa Tounes d\u00e9ment avoir \u00e9t\u00e9 d\u00e9log\u00e9 de son si\u00e8ge \u00e0 Tunis"},"content":{"rendered":"<div class=\"post-cont-in left relative\">\n<div class=\"swp_social_panel swp_horizontal_panel swp_flat_fresh swp_default_full_color swp_individual_full_color swp_other_full_color scale-100 scale-\" data-min-width=\"1100\" data-float-color=\"#ffffff\" data-float=\"none\" data-float-mobile=\"none\" data-transition=\"slide\">\n<div class=\"nc_tweetContainer swp_share_button total_shares total_sharesalt\"><span class=\"swp_count\">8 <span class=\"swp_label\">Partages<\/span><\/span><\/div>\n<\/div>\n<p>Hafedh Ca\u00efed Essebsi a d\u00e9menti, ce mardi, \u00e0 travers un communiqu\u00e9 post\u00e9 sur facebook, les rumeurs faisant \u00e9tat de la fermeture du si\u00e8ge du parti au quartier du Lac, \u00e0 Tunis.<\/p>\n<div class=\"code-block code-block-1 c3\"><ins class=\"adsbygoogle c2\" data-ad-layout=\"in-article\" data-ad-format=\"fluid\" data-ad-client=\"ca-pub-2102118777505746\" data-ad-slot=\"7301775417\"\/> <\/div>\n<p>Il a expliqu\u00e9 que le bail de ce si\u00e8ge arrivait \u00e0 terme, le 31 d\u00e9cembre courant, et que, de ce fait, la direction du parti va rendre les locaux \u00e0 leur propri\u00e9taire et d\u00e9m\u00e9nager vers un nouveau si\u00e8ge dont l\u2019adresse sera annonc\u00e9e ult\u00e9rieurement.<\/p>\n<p><img loading=\"lazy\" decoding=\"async\" class=\"aligncenter size-full wp-image-484390\" src=\"https:\/\/www.tunisienumerique.com\/wp-content\/uploads\/2019\/12\/nidaa-comm.jpg\" alt=\"\" width=\"679\" height=\"960\" srcset=\"https:\/\/www.tunisienumerique.com\/wp-content\/uploads\/2019\/12\/nidaa-comm.jpg 679w, https:\/\/www.tunisienumerique.com\/wp-content\/uploads\/2019\/12\/nidaa-comm-600x848.jpg 600w\" sizes=\"auto, (max-width: 679px) 100vw, 679px\"\/><\/p>\n<p><strong>Que se passe-t-il en Tunisie?<\/strong><br \/>Nous expliquons sur notre <a href=\"https:\/\/www.youtube.com\/channel\/UCRzypVq0B_yBad5eGrwBx0Q?sub_confirmation=1\" target=\"_blank\" rel=\"noopener noreferrer\">cha\u00eene YouTube<\/a> . <a href=\"https:\/\/www.youtube.com\/channel\/UCRzypVq0B_yBad5eGrwBx0Q?sub_confirmation=1\" target=\"_blank\" rel=\"noopener noreferrer\">Abonnez-vous!<\/a><\/p>\n<div class=\"mvp-org-wrap mvp-org-logo\" itemprop=\"publisher\" itemscope=\"\" itemtype=\"https:\/\/schema.org\/Organization\"><img decoding=\"async\" src=\"https:\/\/www.tunisienumerique.com\/wp-content\/uploads\/2017\/02\/logo_tunisie_numerique.png\"\/><\/div>\n<div class=\"swp_social_panel swp_horizontal_panel swp_flat_fresh swp_default_full_color swp_individual_full_color swp_other_full_color scale-100 scale-\" data-min-width=\"1100\" data-float-color=\"#ffffff\" data-float=\"none\" data-float-mobile=\"none\" data-transition=\"slide\">\n<div class=\"nc_tweetContainer swp_share_button total_shares total_sharesalt\"><span class=\"swp_count\">8 <span class=\"swp_label\">Partages<\/span><\/span><\/div>\n<\/div>\n<div class=\"mvp-related-posts left relative\">\n<h4 class=\"post-header\"><span class=\"post-header\">Lire aussi<\/span><\/h4>\n<\/div>\n<\/div>\n<p>Auteur: LM<br \/>\n<a href=\"https:\/\/www.tunisienumerique.com\/tunisie-nidaa-tounes-dement-avoir-ete-deloge-de-son-siege-a-tunis\/\">Cliquez ici pour lire l&rsquo;article depuis sa source.<\/a><\/p>\n","protected":false},"excerpt":{"rendered":"<p>8 Partages Hafedh Ca\u00efed Essebsi a d\u00e9menti, ce mardi, \u00e0 travers un communiqu\u00e9 post\u00e9 sur facebook, les rumeurs faisant \u00e9tat de la fermeture du si\u00e8ge du parti au quartier du Lac, \u00e0 Tunis. Il a expliqu\u00e9 que le bail de ce si\u00e8ge arrivait \u00e0 terme, le 31 d\u00e9cembre courant, et que, de ce fait, la [&hellip;]<\/p>\n","protected":false},"author":1789,"featured_media":71176,"comment_status":"closed","ping_status":"closed","sticky":false,"template":"","format":"standard","meta":{"fifu_image_url":"","fifu_image_alt":"","footnotes":""},"categories":[73,55],"tags":[],"class_list":["post-71175","post","type-post","status-publish","format-standard","has-post-thumbnail","hentry","category-actualite","category-tunisie"],"_links":{"self":[{"href":"https:\/\/linitiative.ca\/International\/wp-json\/wp\/v2\/posts\/71175","targetHints":{"allow":["GET"]}}],"collection":[{"href":"https:\/\/linitiative.ca\/International\/wp-json\/wp\/v2\/posts"}],"about":[{"href":"https:\/\/linitiative.ca\/International\/wp-json\/wp\/v2\/types\/post"}],"author":[{"embeddable":true,"href":"https:\/\/linitiative.ca\/International\/wp-json\/wp\/v2\/users\/1789"}],"replies":[{"embeddable":true,"href":"https:\/\/linitiative.ca\/International\/wp-json\/wp\/v2\/comments?post=71175"}],"version-history":[{"count":0,"href":"https:\/\/linitiative.ca\/International\/wp-json\/wp\/v2\/posts\/71175\/revisions"}],"wp:featuredmedia":[{"embeddable":true,"href":"https:\/\/linitiative.ca\/International\/wp-json\/"}],"wp:attachment":[{"href":"https:\/\/linitiative.ca\/International\/wp-json\/wp\/v2\/media?parent=71175"}],"wp:term":[{"taxonomy":"category","embeddable":true,"href":"https:\/\/linitiative.ca\/International\/wp-json\/wp\/v2\/categories?post=71175"},{"taxonomy":"post_tag","embeddable":true,"href":"https:\/\/linitiative.ca\/International\/wp-json\/wp\/v2\/tags?post=71175"}],"curies":[{"name":"wp","href":"https:\/\/api.w.org\/{rel}","templated":true}]}}