{"id":71179,"date":"2019-12-24T14:18:15","date_gmt":"2019-12-24T19:18:15","guid":{"rendered":"https:\/\/linitiative.ca\/International\/neutralisation-de-terrorises-par-les-fds-au-burkina\/"},"modified":"2019-12-24T14:18:15","modified_gmt":"2019-12-24T19:18:15","slug":"neutralisation-de-terrorises-par-les-fds-au-burkina","status":"publish","type":"post","link":"https:\/\/linitiative.ca\/International\/neutralisation-de-terrorises-par-les-fds-au-burkina\/","title":{"rendered":"NEUTRALISATION DE TERRORISES PAR LES FDS AU BURKINA"},"content":{"rendered":"<div class=\"stream-item stream-item-above-post-content\">\n<p><noscript><\/p>\n<p><a href=\"\/\/www3.smartadserver.com\/ac?jump=1&#038;nwid=2136&#038;siteid=240610&#038;pgname=rg&#038;fmtid=49046&#038;visit=m&#038;tmstp=[timestamp]&#038;out=nonrich\" target=\"_blank\" rel=\"noopener noreferrer\"><img decoding=\"async\" src=\"\/\/www3.smartadserver.com\/ac?out=nonrich&#038;nwid=2136&#038;siteid=240610&#038;pgname=rg&#038;fmtid=49046&#038;visit=m&#038;tmstp=[timestamp]\" border=\"0\" alt=\"\"\/><\/a><\/p>\n<p><\/noscript><\/div>\n<p class=\"c3\"><em>Tel le roseau de Jean de La Fontaine, le Burkina Faso a s\u00e9rieusement ploy\u00e9 sous l\u2019effet des attaques terroristes, notamment pendant les mois d\u2019octobre, de novembre et de d\u00e9cembre 2019. Mais il n\u2019a pas rompu. Loin s\u2019en faut. En effet, apr\u00e8s les pogroms de Koutougou et plus r\u00e9cemment, de Boungou qui ont plong\u00e9 toute la Nation enti\u00e8re dans la consternation et dans une certaine mesure dans le fatalisme, les Forces de d\u00e9fense et de s\u00e9curit\u00e9 (FDS) semblent avoir mis un point d\u2019honneur \u00e0 poser des actes de nature \u00e0 apporter du baume au c\u0153ur des Burkinab\u00e8. A l\u2019Est, au Sahel, au Nord et au Centre-Nord, elles se sont, en effet, signal\u00e9es de la plus belle des mani\u00e8res. En effet, pr\u00e8s de 80 terroristes ont \u00e9t\u00e9 neutralis\u00e9s hier, 24 d\u00e9cembre 2019, au cours d\u2019une attaque \u00e0 Arbinda dans le septentrion du Burkina. Peu avant, soit en mi-novembre, une trentaine d\u2019autres terroristes avaient \u00e9t\u00e9 abattus,des femmes rendues esclaves sexuelles lib\u00e9r\u00e9es, de la logistique et des armes de guerre saisies, et on en oublie. Le constat est clair\u00a0: l\u2019arm\u00e9e\u00a0 est en train de monter en puissance en termes de ripostes et de strat\u00e9gies. Tous les Burkinab\u00e8 \u00e9pris de paix et qui ont ne serait-ce qu\u2019un grain d\u2019amour pour la patrie, doivent, comme un seul homme, saluer ces victoires et encourager l\u2019arm\u00e9e \u00e0 pers\u00e9v\u00e9rer dans cette dynamique. Cela dit et sans faire injure \u00e0 la hi\u00e9rarchie militaire, l\u2019on peut se permettre de lui sugg\u00e9rer de s\u2019inscrire beaucoup plus dans la logique de l\u2019action que de faire dans la r\u00e9action. Car, la meilleure d\u00e9fense, dit-on, est l\u2019attaque. Les Latins l\u2019ont si bien dit\u00a0: \u00ab\u00a0si vis pacem, para bellum\u00a0\u00bb. En fran\u00e7ais facile, cela correspond \u00e0 \u00ab\u00a0si tu veux la paix, pr\u00e9pare la guerre\u00a0\u00bb. En un mot comme en mille, l\u2019arm\u00e9e doit harceler les terroristes de sorte \u00e0 ne leur accorder aucun r\u00e9pit. Il faut aller les \u00ab\u00a0chercher jusque dans les trous de souris\u00a0\u00bb pour reprendre les propos du ministre de la S\u00e9curit\u00e9, Ouss\u00e9ni Compaor\u00e9. C\u2019est \u00e0 ce prix que la peur pourra changer de camp. Car, il faut savoir une chose\u00a0: les terroristes, contrairement aux apparences, ont aussi peur de la mort.<\/em><\/p>\n<p><strong>Le terrorisme n\u2019a pas d\u2019avenir<\/strong><\/p>\n<p><strong>\u00a0<\/strong><\/p>\n<p><em>En tout cas, par ces temps o\u00f9 bien des Burkinab\u00e8 ont subi les cons\u00e9quences des attaques terroristes, seuls des actes forts et os\u00e9s de l\u2019arm\u00e9e contre les forces du mal, peuvent contribuer \u00e0 faire germer l\u2019espoir et l\u2019esp\u00e9rance au sein des populations. De ce point de vue, tout le monde attend, \u00e0 l\u2019exception bien s\u00fbr des terroristes, que les FDS r\u00e9it\u00e8rent ces actes offensifs victorieux. Cela est bon pour le moral. A ce sujet, on peut aussi \u00e9voquer les actions offensives conjointes Burkina \u2013 Mali \u2013 Barkhane, men\u00e9es dans la r\u00e9gion du Gourma au Mali. Le r\u00e9sultat a \u00e9t\u00e9 simplement remarquable\u00a0: 25 terroristes neutralis\u00e9s et des armes de guerre saisies. Plus que jamais, ce cap doit \u00eatre maintenu. Et la redisposition tactique des FAMA (Forces arm\u00e9es maliennes), d\u00e9cid\u00e9e par les autorit\u00e9s de Bamako, donne l\u2019impression que les Maliens ont tir\u00e9 le\u00e7on des nombreuses pertes en vies humaines inflig\u00e9es aux soldats par les terroristes. Et sans \u00eatre un sp\u00e9cialiste en mati\u00e8re de strat\u00e9gies militaires, on peut effectivement \u00eatre dubitatif quant \u00e0 l\u2019efficacit\u00e9 de la m\u00e9thode des postes avanc\u00e9s, attendant dans des tranch\u00e9es ou derri\u00e8re des barricades, les attaques terroristes pour les repousser. Cela dit, le terrorisme n\u2019est pas inexpugnable. T\u00f4t ou tard, il sera vaincu. Tous ceux qui s\u2019y engagent courent le risque d\u2019\u00eatre abattus un beau matin comme des chiens. La preuve que les terroristes ont perdu leur qualit\u00e9 d\u2019homme, c\u2019est que quand ces derniers perdent la vie dans des combats, l\u2019on se contente de traduire cette r\u00e9alit\u00e9 par l\u2019expression devenue pratiquement idiomatique suivante\u00a0: \u00ab\u00a0des terroristes \u00a0ont \u00e9t\u00e9 neutralis\u00e9s\u00a0\u00bb. Ce faisant, ils ont \u00e9t\u00e9 exclus de la communaut\u00e9 des hommes. En tout cas, tous ceux qui sont tent\u00e9s par cette aventure suicidaire doivent, ici et maintenant, se rendre \u00e0 l\u2019\u00e9vidence que le terrorisme n\u2019a pas d\u2019avenir. Ceux qui y sont d\u00e9j\u00e0, doivent faire l\u2019effort d\u2019en sortir pendant qu\u2019il est encore temps. L\u2019utopie peut motiver un homme \u00e0 s\u2019engager dans la folie pendant un temps, mais elle ne peut le motiver \u00e0 y rester pendant tout le temps. De ce point \u00a0de vue, on peut esp\u00e9rer que les terroristes trouveront un jour, \u00e0 l\u2019instar de Saint Paul, leur chemin de Damas.<\/em><\/p>\n<p><strong>\u00ab\u00a0Le Pays\u00a0\u00bb<\/strong><\/p>\n<p>Auteur: Le Pays<br \/>\n<a href=\"http:\/\/lepays.bf\/neutralisation-de-terrorises-par-les-fds-au-burkina\/\">Cliquez ici pour lire l&rsquo;article depuis sa source.<\/a><\/p>\n","protected":false},"excerpt":{"rendered":"<p>Tel le roseau de Jean de La Fontaine, le Burkina Faso a s\u00e9rieusement ploy\u00e9 sous l\u2019effet des attaques terroristes, notamment pendant les mois d\u2019octobre, de novembre et de d\u00e9cembre 2019. Mais il n\u2019a pas rompu. Loin s\u2019en faut. En effet, apr\u00e8s les pogroms de Koutougou et plus r\u00e9cemment, de Boungou qui ont plong\u00e9 toute la [&hellip;]<\/p>\n","protected":false},"author":1813,"featured_media":0,"comment_status":"closed","ping_status":"closed","sticky":false,"template":"","format":"standard","meta":{"fifu_image_url":"","fifu_image_alt":"","footnotes":""},"categories":[73,81],"tags":[],"class_list":["post-71179","post","type-post","status-publish","format-standard","hentry","category-actualite","category-burkina-faso"],"_links":{"self":[{"href":"https:\/\/linitiative.ca\/International\/wp-json\/wp\/v2\/posts\/71179","targetHints":{"allow":["GET"]}}],"collection":[{"href":"https:\/\/linitiative.ca\/International\/wp-json\/wp\/v2\/posts"}],"about":[{"href":"https:\/\/linitiative.ca\/International\/wp-json\/wp\/v2\/types\/post"}],"author":[{"embeddable":true,"href":"https:\/\/linitiative.ca\/International\/wp-json\/wp\/v2\/users\/1813"}],"replies":[{"embeddable":true,"href":"https:\/\/linitiative.ca\/International\/wp-json\/wp\/v2\/comments?post=71179"}],"version-history":[{"count":0,"href":"https:\/\/linitiative.ca\/International\/wp-json\/wp\/v2\/posts\/71179\/revisions"}],"wp:attachment":[{"href":"https:\/\/linitiative.ca\/International\/wp-json\/wp\/v2\/media?parent=71179"}],"wp:term":[{"taxonomy":"category","embeddable":true,"href":"https:\/\/linitiative.ca\/International\/wp-json\/wp\/v2\/categories?post=71179"},{"taxonomy":"post_tag","embeddable":true,"href":"https:\/\/linitiative.ca\/International\/wp-json\/wp\/v2\/tags?post=71179"}],"curies":[{"name":"wp","href":"https:\/\/api.w.org\/{rel}","templated":true}]}}