{"id":71182,"date":"2019-12-24T06:56:23","date_gmt":"2019-12-24T11:56:23","guid":{"rendered":"https:\/\/linitiative.ca\/International\/noel-2019-le-message-de-lupc\/"},"modified":"2019-12-24T06:56:23","modified_gmt":"2019-12-24T11:56:23","slug":"noel-2019-le-message-de-lupc","status":"publish","type":"post","link":"https:\/\/linitiative.ca\/International\/noel-2019-le-message-de-lupc\/","title":{"rendered":"Noel 2019: le message de l\u2019UPC"},"content":{"rendered":"<div class=\"td-post-featured-image\"><a href=\"https:\/\/i0.wp.com\/www.sidwaya.info\/wp-content\/uploads\/2019\/12\/upc.jpg?fit=435%2C264&#038;ssl=1\" data-caption=\"\"><img loading=\"lazy\" decoding=\"async\" width=\"435\" height=\"264\" class=\"entry-thumb td-modal-image\" src=\"https:\/\/i0.wp.com\/www.sidwaya.info\/wp-content\/uploads\/2019\/12\/upc.jpg?resize=435%2C264&#038;ssl=1\" srcset=\"https:\/\/i0.wp.com\/www.sidwaya.info\/wp-content\/uploads\/2019\/12\/upc.jpg?w=435&#038;ssl=1 435w, https:\/\/i0.wp.com\/www.sidwaya.info\/wp-content\/uploads\/2019\/12\/upc.jpg?resize=300%2C182&#038;ssl=1 300w\" sizes=\"auto, (max-width: 435px) 100vw, 435px\" alt=\"\" title=\"upc\"\/><\/a><\/div>\n<p><strong>Chers fr\u00e8res et s\u0153urs<\/strong><strong>,<\/strong> <strong>chr\u00e9tiens du Burkina Faso,<\/strong><\/p>\n<p>Au moment o\u00f9 vous-vous appr\u00eatez \u00e0 c\u00e9l\u00e9brer No\u00ebl, l\u2019Union pour le Progr\u00e8s et le Changement (UPC) vous souhaite une joyeuse f\u00eate, et invoque sur vous d\u2019infinies gr\u00e2ces divines.<\/p>\n<div class=\"td-a-rec td-a-rec-id-content_inline tdi_30_459 td_block_template_1\"><a href=\"https:\/\/www.sidwaya.info\/wp-content\/uploads\/2019\/12\/Bandeau-11-De%CC%81cembre-3.jpg\"><img loading=\"lazy\" decoding=\"async\" src=\"https:\/\/www.sidwaya.info\/wp-content\/uploads\/2019\/12\/Bandeau-11-De%CC%81cembre-3.jpg\" alt=\"\" width=\"720\" height=\"90\" class=\"aligncenter size-full wp-image-17180\"\/><\/a><\/div>\n<p>No\u00ebl comm\u00e9more la naissance du Christ. Il est par excellence, la f\u00eate des tout-petits. Mais, en cette ann\u00e9e, des milliers d\u2019enfants Burkinab\u00e8 seront priv\u00e9s de No\u00ebl, victimes qu\u2019ils sont d\u2019attaques terroristes\u00a0: certains ont perdu leurs parents, d\u2019autres ne partent plus \u00e0 l\u2019\u00e9cole, et plusieurs autres sont des d\u00e9plac\u00e9s.<\/p>\n<p>Comme le Christ arriv\u00e9 au temps sanglant d\u2019H\u00e9rode, des enfants naissent et grandissent en cette p\u00e9riode particuli\u00e8rement sombre de notre histoire.<\/p>\n<p>Ce sont \u00e0 ces enfants, \u00e0 nos braves Forces de d\u00e9fense et de s\u00e9curit\u00e9, et \u00e0 l\u2019ensemble des victimes du terrorisme, que vont nos pens\u00e9es pieuses et nos pri\u00e8res en ce No\u00ebl.<\/p>\n<p><strong>C<\/strong><strong>hers fr\u00e8res et s\u0153urs,<\/strong><\/p>\n<p>La Nativit\u00e9 est porteuse d\u2019espoir et de renouveau. C\u2019est pourquoi, nous devons garder foi que notre cher pays sortira de cette \u00e9preuve de feu, grandi, fortifi\u00e9 et r\u00e9concili\u00e9.<\/p>\n<p>C\u2019est pourquoi nos pri\u00e8res devrons aussi aller \u00e0 l\u2019endroit de ceux qui nous attaquent afin que Dieu transforme leurs c\u0153urs de pierre en c\u0153urs de chair.<\/p>\n<p>Prions \u00e9galement le Christ de la paix pour tous les pays en proie \u00e0 la guerre et \u00e0 d\u2019autres fl\u00e9aux, et pour l\u2019Humanit\u00e9 toute enti\u00e8re.<\/p>\n<p>A toutes et \u00e0 tous, tr\u00e8s joyeuse f\u00eate de No\u00ebl\u00a0!<\/p>\n<p>Que Dieu b\u00e9nisse et prot\u00e8ge le Burkina Faso\u00a0!<\/p>\n<p><strong>Ouagadougou, le 23 d\u00e9cembre 2019<\/strong><br \/><strong>Pour le Bureau politique national de l\u2019UPC,<\/strong><br \/><strong>Le Vice-pr\u00e9sident charg\u00e9 des valeurs soci\u00e9tales, des cultes et de la R\u00e9conciliation nationale<\/strong><\/p>\n<p><strong>Son Excellence le Po\u00e9 Naaba TANGA<\/strong><\/p>\n<div class=\"td-a-rec td-a-rec-id-content_bottom tdi_31_bb4 td_block_template_1\"><img loading=\"lazy\" decoding=\"async\" class=\"aligncenter size-full wp-image-9623\" src=\"https:\/\/www.sidwaya.info\/wp-content\/uploads\/2019\/06\/Projet-bannie%CC%80re-Orange-mobile.jpg\" alt=\"\" width=\"728\" height=\"81\"\/><\/div>\n<p>Auteur: BS. Sidwaya<br \/>\n<a href=\"https:\/\/www.sidwaya.info\/blog\/2019\/12\/24\/noel-2019-le-message-de-lupc\/\">Cliquez ici pour lire l&rsquo;article depuis sa source.<\/a><\/p>\n","protected":false},"excerpt":{"rendered":"<p>Chers fr\u00e8res et s\u0153urs, chr\u00e9tiens du Burkina Faso, Au moment o\u00f9 vous-vous appr\u00eatez \u00e0 c\u00e9l\u00e9brer No\u00ebl, l\u2019Union pour le Progr\u00e8s et le Changement (UPC) vous souhaite une joyeuse f\u00eate, et invoque sur vous d\u2019infinies gr\u00e2ces divines. No\u00ebl comm\u00e9more la naissance du Christ. Il est par excellence, la f\u00eate des tout-petits. Mais, en cette ann\u00e9e, des [&hellip;]<\/p>\n","protected":false},"author":1816,"featured_media":0,"comment_status":"closed","ping_status":"closed","sticky":false,"template":"","format":"standard","meta":{"fifu_image_url":"","fifu_image_alt":"","footnotes":""},"categories":[73,81],"tags":[],"class_list":["post-71182","post","type-post","status-publish","format-standard","hentry","category-actualite","category-burkina-faso"],"_links":{"self":[{"href":"https:\/\/linitiative.ca\/International\/wp-json\/wp\/v2\/posts\/71182","targetHints":{"allow":["GET"]}}],"collection":[{"href":"https:\/\/linitiative.ca\/International\/wp-json\/wp\/v2\/posts"}],"about":[{"href":"https:\/\/linitiative.ca\/International\/wp-json\/wp\/v2\/types\/post"}],"author":[{"embeddable":true,"href":"https:\/\/linitiative.ca\/International\/wp-json\/wp\/v2\/users\/1816"}],"replies":[{"embeddable":true,"href":"https:\/\/linitiative.ca\/International\/wp-json\/wp\/v2\/comments?post=71182"}],"version-history":[{"count":0,"href":"https:\/\/linitiative.ca\/International\/wp-json\/wp\/v2\/posts\/71182\/revisions"}],"wp:attachment":[{"href":"https:\/\/linitiative.ca\/International\/wp-json\/wp\/v2\/media?parent=71182"}],"wp:term":[{"taxonomy":"category","embeddable":true,"href":"https:\/\/linitiative.ca\/International\/wp-json\/wp\/v2\/categories?post=71182"},{"taxonomy":"post_tag","embeddable":true,"href":"https:\/\/linitiative.ca\/International\/wp-json\/wp\/v2\/tags?post=71182"}],"curies":[{"name":"wp","href":"https:\/\/api.w.org\/{rel}","templated":true}]}}