{"id":71183,"date":"2019-12-24T07:02:04","date_gmt":"2019-12-24T12:02:04","guid":{"rendered":"https:\/\/linitiative.ca\/International\/noel-2019-le-message-du-mpp\/"},"modified":"2019-12-24T07:02:04","modified_gmt":"2019-12-24T12:02:04","slug":"noel-2019-le-message-du-mpp","status":"publish","type":"post","link":"https:\/\/linitiative.ca\/International\/noel-2019-le-message-du-mpp\/","title":{"rendered":"Noel 2019: le message du MPP"},"content":{"rendered":"<div class=\"td-post-featured-image\"><a href=\"https:\/\/i1.wp.com\/www.sidwaya.info\/wp-content\/uploads\/2019\/12\/MPP.jpg?fit=480%2C326&#038;ssl=1\" data-caption=\"\"><img loading=\"lazy\" decoding=\"async\" width=\"480\" height=\"326\" class=\"entry-thumb td-modal-image\" src=\"https:\/\/i1.wp.com\/www.sidwaya.info\/wp-content\/uploads\/2019\/12\/MPP.jpg?resize=480%2C326&#038;ssl=1\" srcset=\"https:\/\/i1.wp.com\/www.sidwaya.info\/wp-content\/uploads\/2019\/12\/MPP.jpg?w=480&#038;ssl=1 480w, https:\/\/i1.wp.com\/www.sidwaya.info\/wp-content\/uploads\/2019\/12\/MPP.jpg?resize=300%2C204&#038;ssl=1 300w\" sizes=\"auto, (max-width: 480px) 100vw, 480px\" alt=\"\" title=\"MPP\"\/><\/a><\/div>\n<p><strong>\u00a0\u00a0\u00a0\u00a0\u00a0\u00a0\u00a0\u00a0\u00a0\u00a0\u00a0\u00a0\u00a0\u00a0\u00a0\u00a0\u00a0\u00a0\u00a0\u00a0\u00a0\u00a0\u00a0\u00a0\u00a0\u00a0\u00a0\u00a0\u00a0\u00a0\u00a0\u00a0\u00a0\u00a0\u00a0\u00a0\u00a0\u00a0\u00a0\u00a0\u00a0\u00a0\u00a0<\/strong><\/p>\n<p>L\u2019ann\u00e9e civile 2019 tire inexorablement vers sa fin et par la magie de l\u2019enchainement entrouvre in\u00e9luctablement les portes de 2020, ann\u00e9e charg\u00e9e de symboles pour notre pays, le Burkina Faso.<\/p>\n<div class=\"td-a-rec td-a-rec-id-content_inline tdi_30_940 td_block_template_1\"><a href=\"https:\/\/www.sidwaya.info\/wp-content\/uploads\/2019\/12\/Bandeau-11-De%CC%81cembre-3.jpg\"><img loading=\"lazy\" decoding=\"async\" src=\"https:\/\/www.sidwaya.info\/wp-content\/uploads\/2019\/12\/Bandeau-11-De%CC%81cembre-3.jpg\" alt=\"\" width=\"720\" height=\"90\" class=\"aligncenter size-full wp-image-17180\"\/><\/a><\/div>\n<p>Le Mouvement du Peuple pour le Progr\u00e8s (MPP) se r\u00e9jouit de ce passage augurant de nouveaux lendemains que notre parti souhaite meilleurs pour le peuple burkinab\u00e8 sous la conduite de Son Excellence M. Roch Marc Christian Kabor\u00e9, pr\u00e9sident du Faso.<\/p>\n<p>2019 a \u00e9t\u00e9 une ann\u00e9e de dures \u00e9preuves pour notre peuple et ses dirigeants. Elle a \u00e9t\u00e9 caract\u00e9ris\u00e9e principalement par la recrudescence de la menace terroriste qui a fait de nombreuses victimes aussi bien civiles que militaires. Le MPP s\u2019incline une nouvelle fois devant la m\u00e9moire et le sacrifice des supplici\u00e9s du terrorisme dont les objectifs sont la d\u00e9sarticulation de notre pays, de nos institutions r\u00e9publicaines, de notre soci\u00e9t\u00e9 et de notre vivre-ensemble. Nos pens\u00e9es vont aux familles des victimes et aux bless\u00e9s \u00e0 qui le MPP souhaite un prompt r\u00e9tablissement dans la gu\u00e9rison physique, psychique et morale.<\/p>\n<p>Le terrorisme a \u00e9galement caus\u00e9 des nombreux d\u00e9placements internes de populations et la fermeture de plusieurs \u00e9coles et structures de sant\u00e9. Face \u00e0 ce p\u00e9ril dont les tentacules touchent plusieurs r\u00e9gions du pays, le MPP r\u00e9it\u00e8re son appel \u00e0 l\u2019union sacr\u00e9e et \u00e0 la r\u00e9conciliation des filles et des fils de notre pays. La lutte contre les forces du mal sera longue et ardue, cependant, nous en sortirons victorieux si ensemble, partis politiques, soci\u00e9t\u00e9 civile et gouvernants, nous resserrons les rangs autour de l\u2019embl\u00e8me burkinab\u00e8 et de notre soif inextinguible de libert\u00e9 et de d\u00e9mocratie.<\/p>\n<p>L\u2019ann\u00e9e civile 2019 a \u00e9t\u00e9 \u00e9maill\u00e9e de difficult\u00e9s certes mais aussi de r\u00e9sultats positifs dont la poursuite de l\u2019impl\u00e9mentation du programme du pr\u00e9sident Roch Marc Christian Kabor\u00e9 et la tenue du dialogue politique en juillet dernier \u00e0 l\u2019initiative du pr\u00e9sident du Faso. Saisissant cette occasion, le MPP renouvelle son engagement pour le respect des conclusions consensuelles qui en ont d\u00e9coul\u00e9es dont celle relative au calendrier \u00e9lectoral.<\/p>\n<p>2019 s\u2019ach\u00e8ve, le MPP saisit cette opportunit\u00e9 pour souhaiter de joyeuses f\u00eates de fin d\u2019ann\u00e9e \u00e0 tous les Burkinab\u00e8 et aux amis du Burkina qui nous font l\u2019amabilit\u00e9 de passer, dans notre pays, terre l\u00e9gendaire d\u2019hospitalit\u00e9, ces moments ultimes de la transition calendaire.<\/p>\n<p>Ces moments festifs et de d\u00e9contraction pour certains contrastent avec la rigueur de l\u2019appel au devoir patriotique des FDS en \u00e9veil pr\u00e9sentement sur les th\u00e9\u00e2tres d\u2019op\u00e9ration pour la d\u00e9fense de l\u2019int\u00e9grit\u00e9 du territoire national.<\/p>\n<p>Ayons une pens\u00e9e pour nos vaillants soldats en mission au nom de la Patrie.<\/p>\n<p><strong>Joyeuses f\u00eates de la Nativit\u00e9 \u00e0 tous les fid\u00e8les croyants du Burkina Faso\u00a0!<\/strong><\/p>\n<p><strong>Joyeuses f\u00eates de la Saint Sylvestre dans la paix et l\u2019union sacr\u00e9e\u00a0!<\/strong><\/p>\n<p><strong>Bonne et fructueuse ann\u00e9e 2020 \u00e0 toutes et \u00e0 tous\u00a0!<\/strong><\/p>\n<p><strong>\u00a0<\/strong><\/p>\n<p><strong>DEMOCRATIE\u00a0\u00a0\u00a0\u00a0\u00a0 \u2013\u00a0\u00a0\u00a0\u00a0\u00a0 EGALITE\u00a0\u00a0\u00a0\u00a0\u00a0 \u2013\u00a0\u00a0\u00a0\u00a0\u00a0 PROGRES<\/strong><\/p>\n<p><strong>\u00a0<\/strong><\/p>\n<p><strong><u>Le pr\u00e9sident par int\u00e9rim du MPP<\/u><\/strong><\/p>\n<p><strong>\u00a0<\/strong><\/p>\n<p><strong>\u00a0\u00a0\u00a0\u00a0 Simon Compaor\u00e9<\/strong><\/p>\n<p><strong><em>Grand Officier de l\u2019ordre national<\/em><\/strong><\/p>\n<div class=\"td-a-rec td-a-rec-id-content_bottom tdi_31_5ee td_block_template_1\"><img loading=\"lazy\" decoding=\"async\" class=\"aligncenter size-full wp-image-9623\" src=\"https:\/\/www.sidwaya.info\/wp-content\/uploads\/2019\/06\/Projet-bannie%CC%80re-Orange-mobile.jpg\" alt=\"\" width=\"728\" height=\"81\"\/><\/div>\n<p>Auteur: BS. Sidwaya<br \/>\n<a href=\"https:\/\/www.sidwaya.info\/blog\/2019\/12\/24\/noel-2019-le-message-du-mpp\/\">Cliquez ici pour lire l&rsquo;article depuis sa source.<\/a><\/p>\n","protected":false},"excerpt":{"rendered":"<p>\u00a0\u00a0\u00a0\u00a0\u00a0\u00a0\u00a0\u00a0\u00a0\u00a0\u00a0\u00a0\u00a0\u00a0\u00a0\u00a0\u00a0\u00a0\u00a0\u00a0\u00a0\u00a0\u00a0\u00a0\u00a0\u00a0\u00a0\u00a0\u00a0\u00a0\u00a0\u00a0\u00a0\u00a0\u00a0\u00a0\u00a0\u00a0\u00a0\u00a0\u00a0\u00a0\u00a0 L\u2019ann\u00e9e civile 2019 tire inexorablement vers sa fin et par la magie de l\u2019enchainement entrouvre in\u00e9luctablement les portes de 2020, ann\u00e9e charg\u00e9e de symboles pour notre pays, le Burkina Faso. Le Mouvement du Peuple pour le Progr\u00e8s (MPP) se r\u00e9jouit de ce passage augurant de nouveaux lendemains que notre parti souhaite meilleurs pour le [&hellip;]<\/p>\n","protected":false},"author":1816,"featured_media":0,"comment_status":"closed","ping_status":"closed","sticky":false,"template":"","format":"standard","meta":{"fifu_image_url":"","fifu_image_alt":"","footnotes":""},"categories":[73,81],"tags":[],"class_list":["post-71183","post","type-post","status-publish","format-standard","hentry","category-actualite","category-burkina-faso"],"_links":{"self":[{"href":"https:\/\/linitiative.ca\/International\/wp-json\/wp\/v2\/posts\/71183","targetHints":{"allow":["GET"]}}],"collection":[{"href":"https:\/\/linitiative.ca\/International\/wp-json\/wp\/v2\/posts"}],"about":[{"href":"https:\/\/linitiative.ca\/International\/wp-json\/wp\/v2\/types\/post"}],"author":[{"embeddable":true,"href":"https:\/\/linitiative.ca\/International\/wp-json\/wp\/v2\/users\/1816"}],"replies":[{"embeddable":true,"href":"https:\/\/linitiative.ca\/International\/wp-json\/wp\/v2\/comments?post=71183"}],"version-history":[{"count":0,"href":"https:\/\/linitiative.ca\/International\/wp-json\/wp\/v2\/posts\/71183\/revisions"}],"wp:attachment":[{"href":"https:\/\/linitiative.ca\/International\/wp-json\/wp\/v2\/media?parent=71183"}],"wp:term":[{"taxonomy":"category","embeddable":true,"href":"https:\/\/linitiative.ca\/International\/wp-json\/wp\/v2\/categories?post=71183"},{"taxonomy":"post_tag","embeddable":true,"href":"https:\/\/linitiative.ca\/International\/wp-json\/wp\/v2\/tags?post=71183"}],"curies":[{"name":"wp","href":"https:\/\/api.w.org\/{rel}","templated":true}]}}