{"id":71184,"date":"2019-12-24T16:17:06","date_gmt":"2019-12-24T21:17:06","guid":{"rendered":"https:\/\/linitiative.ca\/International\/attaque-a-arbinda-message-du-president-du-faso\/"},"modified":"2019-12-24T16:17:06","modified_gmt":"2019-12-24T21:17:06","slug":"attaque-a-arbinda-message-du-president-du-faso","status":"publish","type":"post","link":"https:\/\/linitiative.ca\/International\/attaque-a-arbinda-message-du-president-du-faso\/","title":{"rendered":"Attaque \u00e0 Arbinda: message du pr\u00e9sident du Faso."},"content":{"rendered":"<p>(Ouagadougou, 24 d\u00e9cembre 2019). \u00ab\u00a0Je salue l\u2019engagement et la bravoure de nos Forces de d\u00e9fense et de s\u00e9curit\u00e9, qui ont vaillamment repouss\u00e9 ce mardi 24 d\u00e9cembre, une attaque massive contre le d\u00e9tachement d\u2019Arbinda, dans la province du Soum.<br \/>L\u2019action h\u00e9ro\u00efque de nos soldats a permis de neutraliser quatre-vingt terroristes et de r\u00e9cup\u00e9rer d\u2019importants mat\u00e9riels militaires et des moyens de locomotion.<br \/>Cette attaque barbare a occasionn\u00e9 la\u00a0<span class=\"text_exposed_show\">mort de trente-cinq victimes civiles, en grande majorit\u00e9 des femmes. Je pr\u00e9sente mes sinc\u00e8res condol\u00e9ances aux familles des victimes.<br \/>Je m\u2019incline devant la m\u00e9moire des braves soldats tomb\u00e9s au cours des combats, et souhaite prompt r\u00e9tablissement aux bless\u00e9s.<br \/>J\u2019exprime le soutien de la Nation \u00e0 nos Forces de d\u00e9fense et de s\u00e9curit\u00e9 qui se battent sans rel\u00e2che pour garantir la s\u00e9curit\u00e9 et l\u2019int\u00e9grit\u00e9 territoriale de notre pays\u00a0\u00bb.<\/span><\/p>\n<p>Auteur: BS. Sidwaya<br \/>\n<a href=\"https:\/\/www.sidwaya.info\/blog\/2019\/12\/24\/attaque-a-arbinda-message-du-president-du-faso\/\">Cliquez ici pour lire l&rsquo;article depuis sa source.<\/a><\/p>\n","protected":false},"excerpt":{"rendered":"<p>(Ouagadougou, 24 d\u00e9cembre 2019). \u00ab\u00a0Je salue l\u2019engagement et la bravoure de nos Forces de d\u00e9fense et de s\u00e9curit\u00e9, qui ont vaillamment repouss\u00e9 ce mardi 24 d\u00e9cembre, une attaque massive contre le d\u00e9tachement d\u2019Arbinda, dans la province du Soum.L\u2019action h\u00e9ro\u00efque de nos soldats a permis de neutraliser quatre-vingt terroristes et de r\u00e9cup\u00e9rer d\u2019importants mat\u00e9riels militaires et [&hellip;]<\/p>\n","protected":false},"author":1816,"featured_media":0,"comment_status":"closed","ping_status":"closed","sticky":false,"template":"","format":"standard","meta":{"fifu_image_url":"","fifu_image_alt":"","footnotes":""},"categories":[73,81],"tags":[],"class_list":["post-71184","post","type-post","status-publish","format-standard","hentry","category-actualite","category-burkina-faso"],"_links":{"self":[{"href":"https:\/\/linitiative.ca\/International\/wp-json\/wp\/v2\/posts\/71184","targetHints":{"allow":["GET"]}}],"collection":[{"href":"https:\/\/linitiative.ca\/International\/wp-json\/wp\/v2\/posts"}],"about":[{"href":"https:\/\/linitiative.ca\/International\/wp-json\/wp\/v2\/types\/post"}],"author":[{"embeddable":true,"href":"https:\/\/linitiative.ca\/International\/wp-json\/wp\/v2\/users\/1816"}],"replies":[{"embeddable":true,"href":"https:\/\/linitiative.ca\/International\/wp-json\/wp\/v2\/comments?post=71184"}],"version-history":[{"count":0,"href":"https:\/\/linitiative.ca\/International\/wp-json\/wp\/v2\/posts\/71184\/revisions"}],"wp:attachment":[{"href":"https:\/\/linitiative.ca\/International\/wp-json\/wp\/v2\/media?parent=71184"}],"wp:term":[{"taxonomy":"category","embeddable":true,"href":"https:\/\/linitiative.ca\/International\/wp-json\/wp\/v2\/categories?post=71184"},{"taxonomy":"post_tag","embeddable":true,"href":"https:\/\/linitiative.ca\/International\/wp-json\/wp\/v2\/tags?post=71184"}],"curies":[{"name":"wp","href":"https:\/\/api.w.org\/{rel}","templated":true}]}}