{"id":71185,"date":"2019-12-24T16:50:02","date_gmt":"2019-12-24T21:50:02","guid":{"rendered":"https:\/\/linitiative.ca\/International\/morales-denonce-un-coup-detat-du-aux-richesses-en-lithium-de-son-pays\/"},"modified":"2019-12-24T16:50:02","modified_gmt":"2019-12-24T21:50:02","slug":"morales-denonce-un-coup-detat-du-aux-richesses-en-lithium-de-son-pays","status":"publish","type":"post","link":"https:\/\/linitiative.ca\/International\/morales-denonce-un-coup-detat-du-aux-richesses-en-lithium-de-son-pays\/","title":{"rendered":"Morales d\u00e9nonce un coup d\u2019Etat d\u00fb aux richesses en lithium de son pays"},"content":{"rendered":"<div readability=\"32\">\n<p>Publi\u00e9 le 24.12.2019 \u00e0 22h50 par AFP<\/p>\n<\/div>\n<div readability=\"113\">\n<p>En exil \u00e0 Buenos Aires, l\u2019ex-pr\u00e9sident bolivien Evo Morales a accord\u00e9 un entretien exclusif \u00e0 l\u2019AFP dans lequel il d\u00e9nonce un coup d\u2019Etat perp\u00e9tr\u00e9 en raison des richesses en lithium de son pays. Il indique \u00e9galement que le candidat de son parti pour l\u2019\u00e9lection pr\u00e9sidentielle de 2020 sera choisi mi-janvier.<\/p>\n<p>Premier pr\u00e9sident indig\u00e8ne de Bolivie, M. Morales a d\u00e9missionn\u00e9 le 10 novembre apr\u00e8s avoir \u00e9t\u00e9 l\u00e2ch\u00e9 par l\u2019arm\u00e9e et sous la pression de manifestations de l\u2019opposition, qui contestait sa r\u00e9\u00e9lection au premier tour pour un quatri\u00e8me mandat. La crise post-\u00e9lectorale en Bolivie a fait une trentaine de morts et des centaines de bless\u00e9s.<\/p>\n<p>Q : Comment s\u2019organise votre vie politique depuis Buenos Aires ? Etes-vous en campagne ?<\/p>\n<p>R : \u00ab\u00a0Nous organisons des r\u00e9unions, nous recevons des visites. Le dimanche 29, il y aura une r\u00e9union (du parti Mouvement vers le socialisme, MAS) \u00e0 Buenos Aires. De l\u00e0, nous allons organiser un rassemblement pour choisir le candidat \u00e0 la pr\u00e9sidentielle. Le rassemblement devrait avoir lieu le 15 janvier, dans plus ou moins deux semaines. Il se d\u00e9roulera en Bolivie ou en Argentine, ce sera un grand rassemblement. A la fronti\u00e8re (entre l\u2019Argentine et la Bolivie), ce serait plus facile, mais il y a aussi la question de la s\u00e9curit\u00e9\u00a0\u00bb.<\/p>\n<p>Q : Etes-vous confiant sur le respect des r\u00e9sultats en cas de victoire du candidat du MAS lors de la prochaine \u00e9lection pr\u00e9sidentielle dont la date n\u2019a pas encore \u00e9t\u00e9 fix\u00e9e ?<\/p>\n<p>R : \u00ab\u00a0Il faudra une mission (d\u2019observation) internationale, d\u2019organismes internationaux comme le Centre Carter, ou un conseil de Prix Nobel de la Paix, le pape Fran\u00e7ois, les Nations unies ou quelqu\u2019un de reconnu dans le monde. Malgr\u00e9 tant de diffamation et de pers\u00e9cution et l\u2019absence pour l\u2019heure de candidat, nous sommes toujours en t\u00eate des sondages (faits par) la droite, ce qui est surprenant. Si le MAS gagne, les r\u00e9sultats de l\u2019\u00e9lection devront \u00eatre respect\u00e9s. Nous les respecterons\u00a0\u00bb.<\/p>\n<p>Q: Un mois et demi apr\u00e8s votre d\u00e9mission et apr\u00e8s ce que vous avez travers\u00e9, regrettez-vous d\u2019avoir \u00e9t\u00e9 candidat \u00e0 la pr\u00e9sidentielle du 20 octobre 2019 ?<\/p>\n<p>R : \u00ab\u00a0Nous avons gagn\u00e9 d\u00e8s le premier tour. M\u00eame si on ne compte pas les 226 proc\u00e8s-verbaux mis en cause par le rapport de l\u2019OEA (Organisation des Etats d\u2019Am\u00e9rique). M\u00eame si ces votes allaient \u00e0 la droite, nous avons gagn\u00e9 d\u00e8s le premier tour. Des groupes d\u2019\u00e9tudes aux Etats-Unis, 98 personnalit\u00e9s de diverses universit\u00e9s dans le monde demandent \u00e0 l\u2019OEA (qui a d\u00e9nonc\u00e9 des +irr\u00e9gularit\u00e9s+ dans le d\u00e9compte des voix, ndlr) de se r\u00e9tracter et qu\u2019elle fasse l\u2019objet d\u2019une enqu\u00eate. Notre participation n\u2019est donc pas un \u00e9chec. Un coup d\u2019Etat avait \u00e9t\u00e9 pr\u00e9par\u00e9 \u00e0 l\u2019avance.\u00a0\u00bb<\/p>\n<p>Q : Vous dites que vous avez \u00e9t\u00e9 victime d\u2019un coup d\u2019Etat, \u00e0 quoi l\u2019attribuez-vous ?<\/p>\n<p>R : \u00ab\u00a0C\u2019est un coup d\u2019Etat national et international. Fondamentalement, c\u2019est un coup d\u2019Etat d\u00fb \u00e0 deux choses : au fait que nous pouvions \u00eatre une alternative, une r\u00e9f\u00e9rence en nous lib\u00e9rant des diktats du gouvernement des Etats-Unis. Les pays industrialis\u00e9s ne veulent pas \u00eatre concurrenc\u00e9s. Nous avons commenc\u00e9 \u00e0 remplacer les importations. Et je suis absolument convaincu que c\u2019est un coup d\u2019Etat pour le lithium. Nous avons commenc\u00e9 l\u2019extraction industrielle du lithium en tant qu\u2019Etat (\u2026). En tant que petit pays de 10 millions d\u2019habitants, d\u2019ici peu nous allions d\u00e9finir le prix du lithium. On sait que nous avons les r\u00e9serves les plus importantes au monde, 16.000 km2 de lithium\u00a0\u00bb.<\/p>\n<p>Q : Le gouvernement int\u00e9rimaire de Jeanine A\u00f1ez a d\u00e9cid\u00e9 d\u2019int\u00e9grer la Bolivie au Groupe de Lima, une instance r\u00e9gionale form\u00e9e en 2017 dans le but de chercher une issue \u00e0 la crise au Venezuela. Qu\u2019en pensez-vous ?<\/p>\n<p>R : \u00ab\u00a0Etre membre du Groupe de Lima, c\u2019est comme \u00eatre membre de l\u2019Alca (Aire de libre-\u00e9change des Am\u00e9riques), c\u2019est \u00eatre soumis aux politiques des Etats-Unis comme \u00e0 celles du Fonds mon\u00e9taire international. C\u2019est revenir en arri\u00e8re pour la Bolivie, c\u2019est perdre notre souverainet\u00e9 et l\u2019ind\u00e9pendance de l\u2019Etat, perdre la dignit\u00e9 et l\u2019identit\u00e9 du peuple bolivien. La r\u00e9gion est en lutte, elle s\u2019oppose (\u2026) Je comprends que les Etats-Unis nous divisent et Luis Almagro (secr\u00e9taire g\u00e9n\u00e9ral de l\u2019OEA, ndlr) et son groupe d\u2019observateurs sont le meilleur instrument de domination de l\u2019Am\u00e9rique latine et des Cara\u00efbes (\u2026). Luis Almagro devrait \u00eatre jug\u00e9 pour sa responsabilit\u00e9 de tant de massacres et de morts en Bolivie\u00a0\u00bb.<\/p>\n<p>FIN<\/p>\n<\/div>\n<p>Auteur: AFP<br \/>\n<a href=\"https:\/\/www.journalducameroun.com\/morales-denonce-un-coup-detat-du-aux-richesses-en-lithium-de-son-pays\/\">Cliquez ici pour lire l&rsquo;article depuis sa source.<\/a><\/p>\n","protected":false},"excerpt":{"rendered":"<p>Publi\u00e9 le 24.12.2019 \u00e0 22h50 par AFP En exil \u00e0 Buenos Aires, l\u2019ex-pr\u00e9sident bolivien Evo Morales a accord\u00e9 un entretien exclusif \u00e0 l\u2019AFP dans lequel il d\u00e9nonce un coup d\u2019Etat perp\u00e9tr\u00e9 en raison des richesses en lithium de son pays. Il indique \u00e9galement que le candidat de son parti pour l\u2019\u00e9lection pr\u00e9sidentielle de 2020 sera [&hellip;]<\/p>\n","protected":false},"author":1965,"featured_media":0,"comment_status":"closed","ping_status":"closed","sticky":false,"template":"","format":"standard","meta":{"fifu_image_url":"","fifu_image_alt":"","footnotes":""},"categories":[73,82],"tags":[],"class_list":["post-71185","post","type-post","status-publish","format-standard","hentry","category-actualite","category-cameroun"],"_links":{"self":[{"href":"https:\/\/linitiative.ca\/International\/wp-json\/wp\/v2\/posts\/71185","targetHints":{"allow":["GET"]}}],"collection":[{"href":"https:\/\/linitiative.ca\/International\/wp-json\/wp\/v2\/posts"}],"about":[{"href":"https:\/\/linitiative.ca\/International\/wp-json\/wp\/v2\/types\/post"}],"author":[{"embeddable":true,"href":"https:\/\/linitiative.ca\/International\/wp-json\/wp\/v2\/users\/1965"}],"replies":[{"embeddable":true,"href":"https:\/\/linitiative.ca\/International\/wp-json\/wp\/v2\/comments?post=71185"}],"version-history":[{"count":0,"href":"https:\/\/linitiative.ca\/International\/wp-json\/wp\/v2\/posts\/71185\/revisions"}],"wp:attachment":[{"href":"https:\/\/linitiative.ca\/International\/wp-json\/wp\/v2\/media?parent=71185"}],"wp:term":[{"taxonomy":"category","embeddable":true,"href":"https:\/\/linitiative.ca\/International\/wp-json\/wp\/v2\/categories?post=71185"},{"taxonomy":"post_tag","embeddable":true,"href":"https:\/\/linitiative.ca\/International\/wp-json\/wp\/v2\/tags?post=71185"}],"curies":[{"name":"wp","href":"https:\/\/api.w.org\/{rel}","templated":true}]}}