{"id":71186,"date":"2019-12-24T17:18:03","date_gmt":"2019-12-24T22:18:03","guid":{"rendered":"https:\/\/linitiative.ca\/International\/ua-le-33eme-sommet-les-9-et-10-fevrier-a-addis-abeba\/"},"modified":"2019-12-24T17:18:03","modified_gmt":"2019-12-24T22:18:03","slug":"ua-le-33eme-sommet-les-9-et-10-fevrier-a-addis-abeba","status":"publish","type":"post","link":"https:\/\/linitiative.ca\/International\/ua-le-33eme-sommet-les-9-et-10-fevrier-a-addis-abeba\/","title":{"rendered":"UA : Le 33\u00e8me Sommet les 9 et 10 f\u00e9vrier \u00e0 Addis-Abeba"},"content":{"rendered":"<div readability=\"32\">\n<p>Publi\u00e9 le 24.12.2019 \u00e0 23h18 par APA News<\/p>\n<\/div>\n<div readability=\"44\">\n<p>Le 33\u00e8me Sommet de l\u2019Union africaine (UA) se tiendra les 9 et 10 f\u00e9vrier prochain dans la capitale \u00e9thiopienne, Addis-Abeba, sous le th\u00e8me \u00ab Faire taire les armes : cr\u00e9er des conditions propices au d\u00e9veloppement de l\u2019Afrique \u00bb, a annonc\u00e9 mardi la Commission de l\u2019UA sur son site web.Cette session ordinaire de l\u2019Assembl\u00e9e des chefs d\u2019\u00c9tat et de gouvernement de l\u2019Union africaine (UA) sera pr\u00e9c\u00e9d\u00e9e par la tenue de la 39e session ordinaire du Comit\u00e9 des repr\u00e9sentants permanents (COREP), les 21 et 22 janvier 2020 et de la 36\u00e8me session ordinaire du Conseil ex\u00e9cutif au niveau des ministres des Affaires \u00e9trang\u00e8res, les 6 et 7 f\u00e9vrier, pr\u00e9cise-t-on de m\u00eame source.<\/p>\n<p>Le dernier Sommet de l\u2019UA a eu lieu en juillet 2019 \u00e0 Niamey au Niger et qui a connu le lancement effectif de la Zone de libre \u00e9change continentale africaine.<\/p>\n<\/div>\n<p>Auteur: APA News<br \/>\n<a href=\"https:\/\/www.journalducameroun.com\/ua-le-33eme-sommet-les-9-et-10-fevrier-a-addis-abeba\/\">Cliquez ici pour lire l&rsquo;article depuis sa source.<\/a><\/p>\n","protected":false},"excerpt":{"rendered":"<p>Publi\u00e9 le 24.12.2019 \u00e0 23h18 par APA News Le 33\u00e8me Sommet de l\u2019Union africaine (UA) se tiendra les 9 et 10 f\u00e9vrier prochain dans la capitale \u00e9thiopienne, Addis-Abeba, sous le th\u00e8me \u00ab Faire taire les armes : cr\u00e9er des conditions propices au d\u00e9veloppement de l\u2019Afrique \u00bb, a annonc\u00e9 mardi la Commission de l\u2019UA sur son [&hellip;]<\/p>\n","protected":false},"author":1965,"featured_media":0,"comment_status":"closed","ping_status":"closed","sticky":false,"template":"","format":"standard","meta":{"fifu_image_url":"","fifu_image_alt":"","footnotes":""},"categories":[73,82],"tags":[],"class_list":["post-71186","post","type-post","status-publish","format-standard","hentry","category-actualite","category-cameroun"],"_links":{"self":[{"href":"https:\/\/linitiative.ca\/International\/wp-json\/wp\/v2\/posts\/71186","targetHints":{"allow":["GET"]}}],"collection":[{"href":"https:\/\/linitiative.ca\/International\/wp-json\/wp\/v2\/posts"}],"about":[{"href":"https:\/\/linitiative.ca\/International\/wp-json\/wp\/v2\/types\/post"}],"author":[{"embeddable":true,"href":"https:\/\/linitiative.ca\/International\/wp-json\/wp\/v2\/users\/1965"}],"replies":[{"embeddable":true,"href":"https:\/\/linitiative.ca\/International\/wp-json\/wp\/v2\/comments?post=71186"}],"version-history":[{"count":0,"href":"https:\/\/linitiative.ca\/International\/wp-json\/wp\/v2\/posts\/71186\/revisions"}],"wp:attachment":[{"href":"https:\/\/linitiative.ca\/International\/wp-json\/wp\/v2\/media?parent=71186"}],"wp:term":[{"taxonomy":"category","embeddable":true,"href":"https:\/\/linitiative.ca\/International\/wp-json\/wp\/v2\/categories?post=71186"},{"taxonomy":"post_tag","embeddable":true,"href":"https:\/\/linitiative.ca\/International\/wp-json\/wp\/v2\/tags?post=71186"}],"curies":[{"name":"wp","href":"https:\/\/api.w.org\/{rel}","templated":true}]}}