{"id":71187,"date":"2019-12-24T17:50:02","date_gmt":"2019-12-24T22:50:02","guid":{"rendered":"https:\/\/linitiative.ca\/International\/a-noel-le-pape-celebre-lamour-gratuit-gage-de-paix\/"},"modified":"2019-12-24T17:50:02","modified_gmt":"2019-12-24T22:50:02","slug":"a-noel-le-pape-celebre-lamour-gratuit-gage-de-paix","status":"publish","type":"post","link":"https:\/\/linitiative.ca\/International\/a-noel-le-pape-celebre-lamour-gratuit-gage-de-paix\/","title":{"rendered":"A No\u00ebl, le pape c\u00e9l\u00e8bre l\u2019amour \u00ab\u00a0gratuit\u00a0\u00bb, gage de paix"},"content":{"rendered":"<p>Le pape Fran\u00e7ois a c\u00e9l\u00e9br\u00e9 mardi soir l\u2019amour \u00ab\u00a0inconditionnel\u00a0\u00bb et \u00ab\u00a0gratuit\u00a0\u00bb face \u00e0 la logique marchande, lors de sa traditionnelle hom\u00e9lie de No\u00ebl devant des milliers de fid\u00e8les.<\/p>\n<p>\u00ab\u00a0No\u00ebl nous rappelle que Dieu continue d\u2019aimer tout homme, m\u00eame le pire\u00a0\u00bb, a soulign\u00e9 le chef des 1,3 milliard de catholiques dans le monde, lors de la messe de la nuit de No\u00ebl dans la somptueuse basilique Saint-Pierre de Rome.<\/p>\n<p>\u00ab\u00a0Son amour est inconditionnel\u00a0\u00bb et \u00ab\u00a0gratis\u00a0\u00bb m\u00eame si \u00ab\u00a0tu peux avoir des id\u00e9es erron\u00e9es\u00a0\u00bb, a insist\u00e9 le pape, en soulignant que c\u2019est \u00ab\u00a0la gratuit\u00e9\u00a0\u00bb de ce type d\u2019amour qui \u00ab\u00a0r\u00e9pand la paix et la joie\u00a0\u00bb.<\/p>\n<p>La messe de la nuit de No\u00ebl comm\u00e9more dans la tradition chr\u00e9tienne la naissance de J\u00e9sus de Nazareth \u00e0 Bethl\u00e9em.<\/p>\n<p>Mais aucun texte du Nouveau testament ne pr\u00e9cise le jour et l\u2019heure de naissance. Sa c\u00e9l\u00e9bration le 25 d\u00e9cembre a \u00e9t\u00e9 choisie au IV\u00e8me si\u00e8cle en Occident, ce qui permettait \u00e0 la circoncision de J\u00e9sus (longtemps inscrite dans le calendrier) de tomber le 1er janvier.<\/p>\n<p>S\u2019exprimant sous le baldaquin dessin\u00e9 par le Bernin, o\u00f9 seul le souverain pontife est autoris\u00e9 \u00e0 c\u00e9l\u00e9brer la messe, Fran\u00e7ois a aussi demand\u00e9 mardi soir aux fid\u00e8les de ne pas oublier de \u00ab\u00a0dire merci\u00a0\u00bb, notant que \u00ab\u00a0c\u2019est le meilleur moyen pour changer le monde\u00a0\u00bb.<\/p>\n<p>\u00ab\u00a0N\u2019attendons pas que notre prochain devienne bon pour lui faire du bien, que l\u2019Eglise soit parfaite pour l\u2019aimer, que les autres nous consid\u00e8rent pour les servir. Commen\u00e7ons les premiers\u00a0\u00bb, a encore conseill\u00e9 le pape.<\/p>\n<p>Fran\u00e7ois, qui vient de f\u00eater ses 83 ans, adressera son septi\u00e8me message de No\u00ebl \u00ab\u00a0Urbi et orbi\u00a0\u00bb (\u00ab\u00a0\u00e0 la ville et au monde\u00a0\u00bb) mercredi en mi-journ\u00e9e devant les fid\u00e8les mass\u00e9s sur la place Saint-Pierre, un vaste tour d\u2019horizon des zones de conflits de la plan\u00e8te.<\/p>\n<p>Des chr\u00e9tiens venus du monde entier se sont \u00e9galement rassembl\u00e9s t\u00f4t mardi pr\u00e8s de la basilique de la Nativit\u00e9 \u00e0 Bethl\u00e9em.<\/p>\n<p>Dans une ambiance festive, Palestiniens et \u00e9trangers ont assist\u00e9 en matin\u00e9e, sous un soleil hivernal, au d\u00e9fil\u00e9 de scouts habill\u00e9s de bleu, jaune ou beige, paradant au son de cornemuses et tambours autour de la place de la Mangeoire, en face de la basilique.<\/p>\n<p>Dans la basilique, des fid\u00e8les ayant fait le voyage jusqu\u2019en Cisjordanie occup\u00e9e depuis l\u2019Italie, les Etats-Unis ou la Tanzanie ont longuement patient\u00e9 pour visiter l\u2019endroit exact o\u00f9 serait n\u00e9 J\u00e9sus. Ola, venue du Nigeria, s\u2019est r\u00e9jouie d\u2019\u00eatre \u00e0 Bethl\u00e9em pour ce \u00ab\u00a0jour si sp\u00e9cial\u00a0\u00bb.<\/p>\n<p>A 17H00, lorsque les portes de la basilique se sont ferm\u00e9es, ils \u00e9taient encore des centaines \u00e0 attendre de pouvoir visiter l\u2019exig\u00fce grotte de la Nativit\u00e9, fourmillant de visiteurs.<\/p>\n<p>\u00ab\u00a0La basilique est superbe et elle rend r\u00e9el ce que l\u2019on apprend dans la Bible\u00a0\u00bb, s\u2019est enthousiasm\u00e9e Laneda, une Am\u00e9ricaine venue en famille. \u00ab\u00a0Tout est tellement charg\u00e9 de sens ici\u00a0\u00bb.<\/p>\n<p>\u2013 \u00ab\u00a0Espoir\u00a0\u00bb \u2013<\/p>\n<p>Cette ann\u00e9e, les festivit\u00e9s sont marqu\u00e9es par le retour en Terre sainte d\u2019un morceau de bois que l\u2019Eglise pr\u00e9sente comme une partie du berceau original de J\u00e9sus, un don du pape Fran\u00e7ois qui a \u00e9t\u00e9 r\u00e9ceptionn\u00e9 \u00e0 J\u00e9rusalem puis transf\u00e9r\u00e9 fin novembre en grande pompe \u00e0 Bethl\u00e9em, apr\u00e8s 1.300 ans en Europe.<\/p>\n<p>\u00ab\u00a0Cette structure de bois avait quitt\u00e9 la Terre sainte vers l\u2019an 640\u00a0\u00bb, selon le custode de Terre sainte, Francesco Patton.<\/p>\n<p>Pierbattista Pizzaballa, administrateur apostolique du patriarcat latin de J\u00e9rusalem, doit c\u00e9l\u00e8brer la messe de minuit dans l\u2019Eglise Sainte-Catherine, attenante \u00e0 la basilique de Bethl\u00e9em, en pr\u00e9sence du pr\u00e9sident palestinien Mahmoud Abbas.<\/p>\n<p>\u00ab\u00a0Nous voyons d\u2019\u00e9normes probl\u00e8mes \u00e9conomiques, un taux de ch\u00f4mage \u00e9lev\u00e9 et d\u2019autres probl\u00e8mes mais (\u2026) No\u00ebl est pour nous le moment o\u00f9 nous c\u00e9l\u00e9brons l\u2019espoir\u00a0\u00bb, a d\u00e9clar\u00e9 Pierbattista Pizzaballa en arrivant dans la ville.<\/p>\n<p>Quelques chr\u00e9tiens de la bande de Gaza devraient \u00e9galement \u00eatre pr\u00e9sents, mais en nombre inf\u00e9rieur par rapport aux ann\u00e9es pr\u00e9c\u00e9dentes, Isra\u00ebl ayant accord\u00e9 moins de permis de sortie de l\u2019enclave palestinienne sous blocus isra\u00e9lien.<\/p>\n<p>Plus de 300 personnes ont \u00e9t\u00e9 autoris\u00e9es \u00e0 quitter la bande de Gaza pour l\u2019occasion, sur les 950 ayant demand\u00e9 une autorisation, selon Wadie Abou Nassar, porte-parole des Eglises de Terre Sainte.<\/p>\n<p>\u2013 Tourisme en hausse \u2013<\/p>\n<p>Dans la bande de Gaza et ses environs, l\u2019ann\u00e9e 2019 a \u00e9t\u00e9 marqu\u00e9e par des violences meurtri\u00e8res entre le groupe Jihad islamique et les forces isra\u00e9liennes, alors que les chances de r\u00e9solution d\u2019un conflit vieux de plus de 70 ans apparaissent de plus en plus \u00e9loign\u00e9es.<\/p>\n<p>Mais, apr\u00e8s plusieurs ann\u00e9es de baisse de la fr\u00e9quentation dues aux retomb\u00e9es du conflit isra\u00e9lo-palestinien, Bethl\u00e9em conna\u00eet en 2019 une hausse importante du nombre de visiteurs, selon des responsables palestiniens en charge du tourisme.<\/p>\n<p>Sur la place de la Mangeoire, la ministre palestinienne du Tourisme Rula Maayah s\u2019est r\u00e9jouie aupr\u00e8s de l\u2019AFP que 3,5 millions de personnes aient visit\u00e9 Bethl\u00e9em cette ann\u00e9e.<\/p>\n<p>Ailleurs dans le monde, la reine Elizabeth II a reconnu dans sa traditionnelle allocution de No\u00ebl que l\u2019ann\u00e9e 2019 avait \u00e9t\u00e9 \u00ab\u00a0sem\u00e9e d\u2019emb\u00fbches\u00a0\u00bb, entre scandales \u00e9branlant la famille royale britannique et Brexit.<\/p>\n<p>En France, une gr\u00e8ve des cheminots a compliqu\u00e9 les d\u00e9placements de nombreux voyageurs, dont certains n\u2019ont pas pu se rendre dans leur famille \u00e0 temps pour le r\u00e9veillon de No\u00ebl.<\/p>\n<p>A Hong Kong, des heurts ont \u00e9clat\u00e9 dans un centre commercial entre manifestants prod\u00e9mocratie et police anti-\u00e9meute, les contestataires ayant appel\u00e9 \u00e0 des rassemblements \u00e9clair pendant la p\u00e9riode des f\u00eates.<\/p>\n<p>Auteur: AFP<br \/>\n<a href=\"https:\/\/www.journalducameroun.com\/a-noel-le-pape-celebre-lamour-gratuit-gage-de-paix\/\">Cliquez ici pour lire l&rsquo;article depuis sa source.<\/a><\/p>\n","protected":false},"excerpt":{"rendered":"<p>Le pape Fran\u00e7ois a c\u00e9l\u00e9br\u00e9 mardi soir l\u2019amour \u00ab\u00a0inconditionnel\u00a0\u00bb et \u00ab\u00a0gratuit\u00a0\u00bb face \u00e0 la logique marchande, lors de sa traditionnelle hom\u00e9lie de No\u00ebl devant des milliers de fid\u00e8les. \u00ab\u00a0No\u00ebl nous rappelle que Dieu continue d\u2019aimer tout homme, m\u00eame le pire\u00a0\u00bb, a soulign\u00e9 le chef des 1,3 milliard de catholiques dans le monde, lors de la [&hellip;]<\/p>\n","protected":false},"author":1965,"featured_media":0,"comment_status":"closed","ping_status":"closed","sticky":false,"template":"","format":"standard","meta":{"fifu_image_url":"","fifu_image_alt":"","footnotes":""},"categories":[73,82],"tags":[],"class_list":["post-71187","post","type-post","status-publish","format-standard","hentry","category-actualite","category-cameroun"],"_links":{"self":[{"href":"https:\/\/linitiative.ca\/International\/wp-json\/wp\/v2\/posts\/71187","targetHints":{"allow":["GET"]}}],"collection":[{"href":"https:\/\/linitiative.ca\/International\/wp-json\/wp\/v2\/posts"}],"about":[{"href":"https:\/\/linitiative.ca\/International\/wp-json\/wp\/v2\/types\/post"}],"author":[{"embeddable":true,"href":"https:\/\/linitiative.ca\/International\/wp-json\/wp\/v2\/users\/1965"}],"replies":[{"embeddable":true,"href":"https:\/\/linitiative.ca\/International\/wp-json\/wp\/v2\/comments?post=71187"}],"version-history":[{"count":0,"href":"https:\/\/linitiative.ca\/International\/wp-json\/wp\/v2\/posts\/71187\/revisions"}],"wp:attachment":[{"href":"https:\/\/linitiative.ca\/International\/wp-json\/wp\/v2\/media?parent=71187"}],"wp:term":[{"taxonomy":"category","embeddable":true,"href":"https:\/\/linitiative.ca\/International\/wp-json\/wp\/v2\/categories?post=71187"},{"taxonomy":"post_tag","embeddable":true,"href":"https:\/\/linitiative.ca\/International\/wp-json\/wp\/v2\/tags?post=71187"}],"curies":[{"name":"wp","href":"https:\/\/api.w.org\/{rel}","templated":true}]}}