{"id":71188,"date":"2019-12-24T17:50:04","date_gmt":"2019-12-24T22:50:04","guid":{"rendered":"https:\/\/linitiative.ca\/International\/dans-son-message-de-noel-le-roi-despagne-appelle-a-lunite-du-pays\/"},"modified":"2019-12-24T17:50:04","modified_gmt":"2019-12-24T22:50:04","slug":"dans-son-message-de-noel-le-roi-despagne-appelle-a-lunite-du-pays","status":"publish","type":"post","link":"https:\/\/linitiative.ca\/International\/dans-son-message-de-noel-le-roi-despagne-appelle-a-lunite-du-pays\/","title":{"rendered":"Dans son message de No\u00ebl, le roi d\u2019Espagne appelle \u00e0 l\u2019unit\u00e9 du pays"},"content":{"rendered":"<div readability=\"32\">\n<p>Publi\u00e9 le 24.12.2019 \u00e0 23h50 par AFP<\/p>\n<\/div>\n<div readability=\"76\">\n<p>Dans son message de No\u00ebl, le roi Felipe VI d\u2019Espagne a appel\u00e9 mardi \u00e0 l\u2019unit\u00e9 en \u00e9voquant la crise en Catalogne, exhortant ses compatriotes \u00e0 fuir \u00ab\u00a0les divisions\u00a0\u00bb qui \u00ab\u00a0\u00e9rodent notre coexistence\u00a0\u00bb.<\/p>\n<p>Dans son discours prononc\u00e9 au palais de la Zarzuela, r\u00e9sidence du roi d\u2019Espagne, Felipe VI a soulign\u00e9 que cette p\u00e9riode de No\u00ebl \u00e9tait v\u00e9cue en des \u00ab\u00a0temps de grande incertitude, de changements profonds et d\u2019acc\u00e9l\u00e9rations dans de nombreux domaines qui suscitent pr\u00e9occupation et inqui\u00e9tude dans la soci\u00e9t\u00e9\u00a0\u00bb.<\/p>\n<p>Il a cit\u00e9 la direction que prendra l\u2019Union europ\u00e9enne, avec le Brexit qui doit intervenir fin janvier, \u00ab\u00a0les mouvements migratoires, l\u2019in\u00e9galit\u00e9 entre les hommes et les femmes, ou la mani\u00e8re d\u2019affronter le changement climatique\u00a0\u00bb, apr\u00e8s la conf\u00e9rence de Madrid sur le changement climatique (COP25) en d\u00e9cembre dans la capitale espagnole.<\/p>\n<p>Le souverain a mis en avant \u00ab\u00a0la d\u00e9t\u00e9rioration de la confiance de nombreux citoyens dans les institutions, ainsi que la Catalogne, parmi d\u2019autres sujets de pr\u00e9occupation que nous avons en Espagne\u00a0\u00bb.<\/p>\n<p>Il a alors appel\u00e9 au respect de \u00ab\u00a0notre Constitution, qui reconnait la diversit\u00e9 territoriale qui nous d\u00e9finit et pr\u00e9serve l\u2019unit\u00e9 qui fait notre force\u00a0\u00bb.<\/p>\n<p>\u00ab\u00a0Faisons confiance \u00e0 l\u2019Espagne et restons unis derri\u00e8re les valeurs d\u00e9mocratiques que nous partageons pour r\u00e9soudre nos probl\u00e8mes, sans divisions ni affrontements qui ne font qu\u2019\u00e9roder notre coexistence et appauvrir notre avenir\u00a0\u00bb, a ajout\u00e9 Felipe VI.<\/p>\n<p>L\u2019ann\u00e9e 2019 en Espagne a \u00e9t\u00e9 marqu\u00e9e par la crise catalane, apr\u00e8s la condamnation mi-octobre de neuf dirigeants s\u00e9paratistes \u00e0 la prison pour leur r\u00f4le dans la tentative de s\u00e9cession de 2017. Apr\u00e8s ce jugement, des \u00e9meutes avaient \u00e9clat\u00e9 en Catalogne.<\/p>\n<\/div>\n<p>Auteur: AFP<br \/>\n<a href=\"https:\/\/www.journalducameroun.com\/dans-son-message-de-noel-le-roi-despagne-appelle-a-lunite-du-pays\/\">Cliquez ici pour lire l&rsquo;article depuis sa source.<\/a><\/p>\n","protected":false},"excerpt":{"rendered":"<p>Publi\u00e9 le 24.12.2019 \u00e0 23h50 par AFP Dans son message de No\u00ebl, le roi Felipe VI d\u2019Espagne a appel\u00e9 mardi \u00e0 l\u2019unit\u00e9 en \u00e9voquant la crise en Catalogne, exhortant ses compatriotes \u00e0 fuir \u00ab\u00a0les divisions\u00a0\u00bb qui \u00ab\u00a0\u00e9rodent notre coexistence\u00a0\u00bb. Dans son discours prononc\u00e9 au palais de la Zarzuela, r\u00e9sidence du roi d\u2019Espagne, Felipe VI a [&hellip;]<\/p>\n","protected":false},"author":1965,"featured_media":0,"comment_status":"closed","ping_status":"closed","sticky":false,"template":"","format":"standard","meta":{"fifu_image_url":"","fifu_image_alt":"","footnotes":""},"categories":[73,82],"tags":[],"class_list":["post-71188","post","type-post","status-publish","format-standard","hentry","category-actualite","category-cameroun"],"_links":{"self":[{"href":"https:\/\/linitiative.ca\/International\/wp-json\/wp\/v2\/posts\/71188","targetHints":{"allow":["GET"]}}],"collection":[{"href":"https:\/\/linitiative.ca\/International\/wp-json\/wp\/v2\/posts"}],"about":[{"href":"https:\/\/linitiative.ca\/International\/wp-json\/wp\/v2\/types\/post"}],"author":[{"embeddable":true,"href":"https:\/\/linitiative.ca\/International\/wp-json\/wp\/v2\/users\/1965"}],"replies":[{"embeddable":true,"href":"https:\/\/linitiative.ca\/International\/wp-json\/wp\/v2\/comments?post=71188"}],"version-history":[{"count":0,"href":"https:\/\/linitiative.ca\/International\/wp-json\/wp\/v2\/posts\/71188\/revisions"}],"wp:attachment":[{"href":"https:\/\/linitiative.ca\/International\/wp-json\/wp\/v2\/media?parent=71188"}],"wp:term":[{"taxonomy":"category","embeddable":true,"href":"https:\/\/linitiative.ca\/International\/wp-json\/wp\/v2\/categories?post=71188"},{"taxonomy":"post_tag","embeddable":true,"href":"https:\/\/linitiative.ca\/International\/wp-json\/wp\/v2\/tags?post=71188"}],"curies":[{"name":"wp","href":"https:\/\/api.w.org\/{rel}","templated":true}]}}