{"id":71189,"date":"2019-12-24T17:50:06","date_gmt":"2019-12-24T22:50:06","guid":{"rendered":"https:\/\/linitiative.ca\/International\/affaire-soro-en-cote-divoire-lopposition-denonce-des-derives-dictatoriales\/"},"modified":"2019-12-24T17:50:06","modified_gmt":"2019-12-24T22:50:06","slug":"affaire-soro-en-cote-divoire-lopposition-denonce-des-derives-dictatoriales","status":"publish","type":"post","link":"https:\/\/linitiative.ca\/International\/affaire-soro-en-cote-divoire-lopposition-denonce-des-derives-dictatoriales\/","title":{"rendered":"Affaire Soro en C\u00f4te d\u2019Ivoire: l\u2019opposition d\u00e9nonce des \u00ab\u00a0d\u00e9rives dictatoriales\u00a0\u00bb"},"content":{"rendered":"<div readability=\"32\">\n<p>Publi\u00e9 le 24.12.2019 \u00e0 23h50 par AFP<\/p>\n<\/div>\n<div readability=\"90\">\n<p>L\u2019opposition politique ivoirienne a d\u00e9nonc\u00e9 mardi des \u00ab\u00a0d\u00e9rives dictatoriales\u00a0\u00bb du pouvoir apr\u00e8s l\u2019annonce d\u2019un mandat d\u2019arr\u00eat contre Guillaume Soro et la r\u00e9pression qui s\u2019est abattue contre ses partisans.<\/p>\n<p>La plateforme Coalition pour la d\u00e9mocratie, la r\u00e9conciliation et la paix (CDRP), emmen\u00e9e par l\u2019ex-pr\u00e9sident Henri Konan B\u00e9di\u00e9, \u00ab\u00a0s\u2019insurge contre ces d\u00e9rives dictatoriales r\u00e9p\u00e9t\u00e9es du r\u00e9gime RHDP-Unifi\u00e9 (le parti au pouvoir), contraires aux principes \u00e9l\u00e9mentaires de la d\u00e9mocratie et de l\u2019Etat de droit\u00a0\u00bb, selon un communiqu\u00e9 transmis \u00e0 l\u2019AFP.<\/p>\n<p>L\u2019ex-chef de la r\u00e9bellion et candidat d\u2019opposition \u00e0 la pr\u00e9sidentielle de 2020, Guillaume Soro, a annul\u00e9 son retour pr\u00e9vu en C\u00f4te d\u2019Ivoire lundi. Un mandat d\u2019arr\u00eat international a \u00e9t\u00e9 \u00e9mis contre lui le m\u00eame jour par la justice ivoirienne pour \u00ab\u00a0attentat \u00e0 la s\u00fbret\u00e9 de l\u2019Etat\u00a0\u00bb et \u00ab\u00a0d\u00e9tournement de deniers publics\u00a0\u00bb.<\/p>\n<p>La CDRP se dit \u00ab\u00a0surprise\u00a0\u00bb de ces accusation contre l\u2019ex-pr\u00e9sident de l\u2019Assembl\u00e9e nationale, \u00ab\u00a0concomitantes \u00e0 une autorisation r\u00e9guli\u00e8re de retour au pays d\u2019un citoyen contre lequel aucune charge n\u2019avait \u00e9t\u00e9 pr\u00e9alablement retenue\u00a0\u00bb.<\/p>\n<p>Selon une autre d\u00e9claration \u00e9manant de groupes parlementaires d\u2019opposition, dont le parti d\u00e9mocratique de C\u00f4te d\u2019Ivoire (PDCI) de M. B\u00e9di\u00e9, Guillaume Soro, toujours d\u00e9put\u00e9, se trouve d\u00e9sormais contraint \u00e0 \u00ab\u00a0un exil forc\u00e9\u00a0\u00bb.<\/p>\n<p>Les groupes parlementaires d\u00e9noncent l\u2019arrestation de cinq d\u00e9put\u00e9s pro-Soro, condamnant \u00ab\u00a0cette \u00e9ni\u00e8me violation de l\u2019immunit\u00e9 parlementaire des d\u00e9put\u00e9s en C\u00f4te d\u2019Ivoire\u00a0\u00bb. Ils \u00ab\u00a0exigent\u00a0\u00bb leur \u00ab\u00a0lib\u00e9ration sans condition et l\u2019arr\u00eat imm\u00e9diat des poursuites\u00a0\u00bb.<\/p>\n<p>Par ailleurs, le Mouvement ivoirien des droits humains (MIDH) a d\u00e9plor\u00e9 dans un communiqu\u00e9 que l&rsquo;\u00a0\u00bbespace d\u00e9mocratique est en train de se r\u00e9tr\u00e9cir gravement en C\u00f4te d\u2019ivoire \u00e0 moins d\u2019un an de l\u2019\u00e9lection pr\u00e9sidentielle\u00a0\u00bb, notant l\u2019interdiction \u00e0 deux reprises d\u2019un meeting de l\u2019opposition, les 14 et 21 d\u00e9cembre, et les mesures prises par le pouvoir \u00e0 l\u2019encontre de Guillaume Soro et de ses partisans.<\/p>\n<p>Le MIDH se dit \u00ab\u00a0pr\u00e9occup\u00e9 par cette situation qui fait planer des risques de violence\u00a0\u00bb, et \u00ab\u00a0condamne avec fermet\u00e9 toutes les violations des libert\u00e9s publiques et des droits humains\u00a0\u00bb, selon son pr\u00e9sident Yacouba Doumbia, cit\u00e9 dans le communiqu\u00e9.<\/p>\n<p>Dix ans apr\u00e8s la crise post-\u00e9lectorale de 2010-2011 qui a fait 3.000 morts en C\u00f4te d\u2019Ivoire, la prochaine pr\u00e9sidentielle d\u2019octobre 2020 s\u2019annonce tendue. Les \u00e9lections municipales et r\u00e9gionales de 2018 avaient \u00e9t\u00e9 marqu\u00e9es par de nombreuses violences et des fraudes.<\/p>\n<\/div>\n<p>Auteur: AFP<br \/>\n<a href=\"https:\/\/www.journalducameroun.com\/affaire-soro-en-cote-divoire-lopposition-denonce-des-derives-dictatoriales\/\">Cliquez ici pour lire l&rsquo;article depuis sa source.<\/a><\/p>\n","protected":false},"excerpt":{"rendered":"<p>Publi\u00e9 le 24.12.2019 \u00e0 23h50 par AFP L\u2019opposition politique ivoirienne a d\u00e9nonc\u00e9 mardi des \u00ab\u00a0d\u00e9rives dictatoriales\u00a0\u00bb du pouvoir apr\u00e8s l\u2019annonce d\u2019un mandat d\u2019arr\u00eat contre Guillaume Soro et la r\u00e9pression qui s\u2019est abattue contre ses partisans. La plateforme Coalition pour la d\u00e9mocratie, la r\u00e9conciliation et la paix (CDRP), emmen\u00e9e par l\u2019ex-pr\u00e9sident Henri Konan B\u00e9di\u00e9, \u00ab\u00a0s\u2019insurge contre [&hellip;]<\/p>\n","protected":false},"author":1965,"featured_media":0,"comment_status":"closed","ping_status":"closed","sticky":false,"template":"","format":"standard","meta":{"fifu_image_url":"","fifu_image_alt":"","footnotes":""},"categories":[73,82],"tags":[],"class_list":["post-71189","post","type-post","status-publish","format-standard","hentry","category-actualite","category-cameroun"],"_links":{"self":[{"href":"https:\/\/linitiative.ca\/International\/wp-json\/wp\/v2\/posts\/71189","targetHints":{"allow":["GET"]}}],"collection":[{"href":"https:\/\/linitiative.ca\/International\/wp-json\/wp\/v2\/posts"}],"about":[{"href":"https:\/\/linitiative.ca\/International\/wp-json\/wp\/v2\/types\/post"}],"author":[{"embeddable":true,"href":"https:\/\/linitiative.ca\/International\/wp-json\/wp\/v2\/users\/1965"}],"replies":[{"embeddable":true,"href":"https:\/\/linitiative.ca\/International\/wp-json\/wp\/v2\/comments?post=71189"}],"version-history":[{"count":0,"href":"https:\/\/linitiative.ca\/International\/wp-json\/wp\/v2\/posts\/71189\/revisions"}],"wp:attachment":[{"href":"https:\/\/linitiative.ca\/International\/wp-json\/wp\/v2\/media?parent=71189"}],"wp:term":[{"taxonomy":"category","embeddable":true,"href":"https:\/\/linitiative.ca\/International\/wp-json\/wp\/v2\/categories?post=71189"},{"taxonomy":"post_tag","embeddable":true,"href":"https:\/\/linitiative.ca\/International\/wp-json\/wp\/v2\/tags?post=71189"}],"curies":[{"name":"wp","href":"https:\/\/api.w.org\/{rel}","templated":true}]}}