{"id":71191,"date":"2019-12-24T06:48:03","date_gmt":"2019-12-24T11:48:03","guid":{"rendered":"https:\/\/linitiative.ca\/International\/la-cemac-veut-des-accords-de-2e-generation-avec-le-fmi\/"},"modified":"2019-12-24T06:48:03","modified_gmt":"2019-12-24T11:48:03","slug":"la-cemac-veut-des-accords-de-2e-generation-avec-le-fmi","status":"publish","type":"post","link":"https:\/\/linitiative.ca\/International\/la-cemac-veut-des-accords-de-2e-generation-avec-le-fmi\/","title":{"rendered":"La Cemac veut des accords de 2e g\u00e9n\u00e9ration avec le Fmi"},"content":{"rendered":"<p>Au m\u00eame moment que les chefs d\u2019Etat et de gouvernements de la Communaut\u00e9 \u00e9conomique des Etats de l\u2019Afrique centrale (<strong>Ceeac<\/strong>) \u00e9taient r\u00e9unis \u00e0 Libreville au Gabon, la cellule de suivi du programme des r\u00e9formes \u00e9conomiques et financi\u00e8res de la communaut\u00e9 \u00e9conomique et mon\u00e9taire d\u2019Afrique centrale (<strong>Cemac<\/strong>) tenait sa 10<sup>e<\/sup> session \u00e0 Douala. Au menu de cette rencontre de haut niveau, le suivi de la mise en \u0153uvre du Pref-Cemac, le rapport de suivi de la mise en \u0153uvre des recommandations du Copil du Pref-Cemac, le rapport de la Beac sur l\u2019op\u00e9rationnalisation des structures du march\u00e9 financier unifi\u00e9, la note sur l\u2019application de la nouvelle r\u00e9glementation des changes et le rapatriement des recettes d\u2019exportation, etc. D\u2019apr\u00e8s <strong>Michel-Cyr Djiena Wembou<\/strong>, secr\u00e9taire permanent du Pref-Cemac, l\u2019ex\u00e9cution de la matrice de ce programme communautaire conna\u00eet \u00ab d\u2019importantes avanc\u00e9es \u00bb, depuis la tenue de la 9<sup>e<\/sup> session ordinaire et de la 2<sup>e<\/sup> session extraordinaire du Comit\u00e9 de pilotage du Pref-Cemac respectivement \u00e0 Douala le 5 juillet et \u00e0 Yaound\u00e9 le 3 octobre 2019.<\/p>\n<p><strong>Antoine Ngakegni<\/strong>, pr\u00e9sident de la cellule de suivi du Pref-Cemac, d\u00e9voile les domaines dans lesquels \u00ab les avanc\u00e9es les plus embl\u00e9matiques ont \u00e9t\u00e9 enregistr\u00e9es \u00bb. Il cite notamment le produit int\u00e9rieur, les r\u00e9serves de change, la fusion des march\u00e9s financiers de la Cemac, la libre circulation des biens et des personnes. Plus concr\u00e8tement, on apprend des experts que le spectre d\u2019une r\u00e9cession est d\u00e9sormais \u00e9cart\u00e9e en Afrique centrale gr\u00e2ce aux \u00ab actions entreprises par les Etats et les institutions communautaires, avec l\u2019appui des partenaires techniques et financiers \u00bb. La Cemac \u00e9tait en effet plong\u00e9e pendant deux ann\u00e9es dans une grave dynamique de reflux de ses indicateurs micro et macro-\u00e9conomiques. Le taux de croissance de la zone s\u2019est ainsi \u00e9tabli \u00e0 1,7% en 2018. Alors que tous les experts pr\u00e9voient un taux de croissance, fin exercice 2019, de 2,7%. \u00a0Pour 2020, ils tablent sur 3% de croissance communautaire.<\/p>\n<p>Concernant les r\u00e9serves de change, Antoine Ngakegni constate une hausse de 45% du stock communautaire entre novembre 2018 et novembre 2019. Se situant \u00e0 <strong>4 792,7 milliards de FCFA<\/strong> au mois de novembre 2019. Soit 3 mois d\u2019importations de biens et services non facteurs. Le march\u00e9 financier de la zone a \u00e9galement connu une importante mutation. \u00ab\u00a0La premi\u00e8re phase de la strat\u00e9gie de fusion des deux bourses de la Cemac est termin\u00e9e. Le march\u00e9 financier r\u00e9gional est unifi\u00e9 et comprend d\u00e9sormais un r\u00e9gulateur unique, la Cosumaf bas\u00e9e \u00e0 Libreville, une bourse unique, la Bvmac install\u00e9e \u00e0 Douala, un d\u00e9positaire central unique, le Dcu dont le r\u00f4le est assur\u00e9 provisoirement par la Beac, et une banque de r\u00e8glement unique qui est la Beac \u00bb, a ajout\u00e9 le pr\u00e9sident de la cellule de suivi.<\/p>\n<p>Seul b\u00e9mol, la libre circulation des biens et des personnes dans l\u2019espace communautaire. \u00ab\u00a0Elle est en passe d\u2019\u00eatre effective \u00bb, a d\u00e9clar\u00e9 Antoine Ngakegni. Relevant sur ce point \u00ab l\u2019engagement des Etats \u00e0 l\u2019appliquer de fa\u00e7on int\u00e9grale en faveur de tous les ressortissants des Etats membres de la Cemac \u00bb. Les assises de Douala ont permis de relever d\u2019autres goulots d\u2019\u00e9tranglement \u00e0 l\u2019int\u00e9gration sous r\u00e9gionale et \u00e0 une croissance communautaire soutenue : le faible rapatriement des recettes d\u2019exportation, la laborieuse application de la nouvelle r\u00e9glementation des changes, etc.<\/p>\n<p>La Cemac projette toutefois engager dans le cadre du Pref-Cemac, \u00e0 poursuivre les r\u00e9formes structurelles. Il s\u2019agit d\u00e8s lors pour la zone d\u2019acc\u00e9l\u00e9rer l\u2019int\u00e9gration commerciale et la diversification \u00e9conomique, mobiliser les \u00e9nergies autour des 12 projets int\u00e9grateurs prioritaires du plan op\u00e9rationnel du Per. Il est \u00e9galement envisag\u00e9, au terme des programmes actuels, des discussions entre le <strong>Fonds mon\u00e9taire international (Fmi)<\/strong> et les Etats membres de la Cemac. \u00ab\u00a0En vue de signer des programmes de deuxi\u00e8me g\u00e9n\u00e9ration beaucoup plus ax\u00e9s sur la croissance soutenue et inclusive \u00bb, indique Antoine Ngakegni.<\/p>\n<div class=\"sharedaddy sd-sharing-enabled robots-nocontent sd-block sd-social sd-social-icon-text sd-sharing\">\n<h3 class=\"sd-title\">Partager\u00a0:<\/h3>\n<\/div>\n<p><h3 class=\"jp-relatedposts-headline\"><em>Articles similaires<\/em><\/h3>\n<\/p>\n<p>Auteur: Francky<br \/>\n<a href=\"https:\/\/ecomatin.net\/la-cemac-veut-des-accords-de-2e-generation-avec-le-fmi\/\">Cliquez ici pour lire l&rsquo;article depuis sa source.<\/a><\/p>\n","protected":false},"excerpt":{"rendered":"<p>Au m\u00eame moment que les chefs d\u2019Etat et de gouvernements de la Communaut\u00e9 \u00e9conomique des Etats de l\u2019Afrique centrale (Ceeac) \u00e9taient r\u00e9unis \u00e0 Libreville au Gabon, la cellule de suivi du programme des r\u00e9formes \u00e9conomiques et financi\u00e8res de la communaut\u00e9 \u00e9conomique et mon\u00e9taire d\u2019Afrique centrale (Cemac) tenait sa 10e session \u00e0 Douala. Au menu de [&hellip;]<\/p>\n","protected":false},"author":1969,"featured_media":0,"comment_status":"closed","ping_status":"closed","sticky":false,"template":"","format":"standard","meta":{"fifu_image_url":"","fifu_image_alt":"","footnotes":""},"categories":[82,78],"tags":[],"class_list":["post-71191","post","type-post","status-publish","format-standard","hentry","category-cameroun","category-economie"],"_links":{"self":[{"href":"https:\/\/linitiative.ca\/International\/wp-json\/wp\/v2\/posts\/71191","targetHints":{"allow":["GET"]}}],"collection":[{"href":"https:\/\/linitiative.ca\/International\/wp-json\/wp\/v2\/posts"}],"about":[{"href":"https:\/\/linitiative.ca\/International\/wp-json\/wp\/v2\/types\/post"}],"author":[{"embeddable":true,"href":"https:\/\/linitiative.ca\/International\/wp-json\/wp\/v2\/users\/1969"}],"replies":[{"embeddable":true,"href":"https:\/\/linitiative.ca\/International\/wp-json\/wp\/v2\/comments?post=71191"}],"version-history":[{"count":0,"href":"https:\/\/linitiative.ca\/International\/wp-json\/wp\/v2\/posts\/71191\/revisions"}],"wp:attachment":[{"href":"https:\/\/linitiative.ca\/International\/wp-json\/wp\/v2\/media?parent=71191"}],"wp:term":[{"taxonomy":"category","embeddable":true,"href":"https:\/\/linitiative.ca\/International\/wp-json\/wp\/v2\/categories?post=71191"},{"taxonomy":"post_tag","embeddable":true,"href":"https:\/\/linitiative.ca\/International\/wp-json\/wp\/v2\/tags?post=71191"}],"curies":[{"name":"wp","href":"https:\/\/api.w.org\/{rel}","templated":true}]}}