{"id":71195,"date":"2019-12-25T03:35:47","date_gmt":"2019-12-25T08:35:47","guid":{"rendered":"https:\/\/linitiative.ca\/International\/le-site-ksar-sghir-integre-la-liste-finale-du-patrimoine-islamique\/"},"modified":"2019-12-25T03:35:47","modified_gmt":"2019-12-25T08:35:47","slug":"le-site-ksar-sghir-integre-la-liste-finale-du-patrimoine-islamique","status":"publish","type":"post","link":"https:\/\/linitiative.ca\/International\/le-site-ksar-sghir-integre-la-liste-finale-du-patrimoine-islamique\/","title":{"rendered":"Le site Ksar Sghir int\u00e8gre la liste finale du patrimoine islamique"},"content":{"rendered":"<header readability=\"1.23913043478\">\n<div class=\"entry-post-meta\" readability=\"5.50649350649\">\n<p>Date\u00a0:<time content=\"2019-12-25T09:35:47+00:00\" class=\"entry-date updated\" datetime=\"2019-12-25T09:35:47+00:00\">d\u00e9cembre 25, 2019<\/time><\/p>\n<div class=\"entry-cat\">dans:<a href=\"http:\/\/aujourdhui.ma\/category\/culture\" rel=\"category tag\">Culture<\/a>, <a href=\"http:\/\/aujourdhui.ma\/category\/une\" rel=\"category tag\">Une<\/a><\/div>\n<p>0 Vues<\/p>\n<\/div>\n<\/header>\n<div class=\"entry-content clearfix\" readability=\"68\"><img decoding=\"async\" class=\"post_layout_5_img\" src=\"http:\/\/aujourdhui.ma\/wp-content\/uploads\/2019\/12\/Ksar-Sghir.jpg?x29840\" alt=\"Le site Ksar Sghir int\u00e8gre la liste finale du patrimoine islamique\"\/><\/p>\n<p>Gr\u00e2ce \u00e0 ses grandes richesses arch\u00e9ologiques, le site historique de Ksar Sghircontinue d\u2019impressionner sp\u00e9cialistes et simples visiteurs. <span id=\"more-327837\"\/>A cet effet, il vient d\u2019\u00eatre class\u00e9 derni\u00e8rement \u00e0 la liste finale du patrimoinedu monde islamique.Cette nouvelle cons\u00e9cration constitue une reconnaissance de la valeur historique et culturelle de ce site, dont la d\u00e9couverte \u00e0 Dhar Sakfane (\u00e0 une dizaine de kilom\u00e8tres du m\u00e9gaprojet de Tanger-Med) a constitu\u00e9, il y a plus de quatorze ans, un grand \u00e9v\u00e9nement aussi bien au niveau national qu\u2019international.Elle vient r\u00e9pondre aux grands efforts d\u00e9ploy\u00e9s par le d\u00e9partement de tutelle, mais aussi aux attentes des repr\u00e9sentants de la soci\u00e9t\u00e9 civile et les d\u00e9fenseurs du patrimoine local, qui ont toujours appel\u00e9 \u00e0 la protectionde la cit\u00e9 antique de Ksar Sghir et \u00e0 son classement.<\/p>\n<p>Le choix a \u00e9t\u00e9 port\u00e9, en plus de cette cit\u00e9 arch\u00e9ologique, sur trois autres sites nationaux, notamment la mosqu\u00e9e Al Quaraouiyine de F\u00e8s, l\u2019oasis de Figuig et la mosqu\u00e9e de Tinmel des Almohades (dans le Haut Atlas occidental), pour int\u00e9grer la liste finale du patrimoine islamique, et ce \u00e0 l\u2019issue de la session extraordinaire de la commission du patrimoine dans le mondeislamique, dont les travaux viennent d\u2019avoir lieu au si\u00e8ge de l\u2019Organisation islamique pour l\u2019\u00e9ducation, les sciences et la culture (Isesco). Occupant quelque 1,5 ha \u00e0 proximit\u00e9 de la commune de Ksar Sghir, ce site multi-civilisationnel a \u00e9t\u00e9 d\u00e9couvert lors des travaux d\u2019am\u00e9nagement du tron\u00e7on autoroutier Tanger-Oued R\u2019Mel.<\/p>\n<p>A l\u2019instar des deux sites Cotta et Lixus, situ\u00e9s respectivement \u00e0 Cap Spartel \u00e0 Tanger et Larache, il dispose des caract\u00e9ristiquespropres \u00e0 une cit\u00e9 antique remontant \u00e0 l\u2019\u00e9poque glorieusedes Ph\u00e9niciens (au sixi\u00e8me si\u00e8cle avant J\u00e9sus-Christ). Selon les premi\u00e8res fouilles sur les lieux, la cit\u00e9 antique de Ksar Sghir fut \u00e0 l\u2019origine de convoitises pour son emplacement strat\u00e9gique\u00e0 proximit\u00e9 du littoral m\u00e9diterran\u00e9en, donnant sur la p\u00e9ninsule ib\u00e9rique. Elleconnut ainsi la succession de quatre civilisations: punique, mauritanienne, romaine et islamique. Le site constitue un gisement de tr\u00e9sors antiques comme c\u2019est le cas pour le site de Lixus.Ce qui permet d\u2019enrichir le patrimoine arch\u00e9ologique de la r\u00e9gion et favoriser son attractivit\u00e9 aupr\u00e8s des touristes.<\/p>\n<\/div>\n<p>Auteur: Najat Fa\u00efssal<br \/>\n<a href=\"http:\/\/aujourdhui.ma\/culture\/le-site-ksar-sghir-integre-la-liste-finale-du-patrimoine-islamique\">Cliquez ici pour lire l&rsquo;article depuis sa source.<\/a><\/p>\n","protected":false},"excerpt":{"rendered":"<p>Date\u00a0:d\u00e9cembre 25, 2019 dans:Culture, Une 0 Vues Gr\u00e2ce \u00e0 ses grandes richesses arch\u00e9ologiques, le site historique de Ksar Sghircontinue d\u2019impressionner sp\u00e9cialistes et simples visiteurs. A cet effet, il vient d\u2019\u00eatre class\u00e9 derni\u00e8rement \u00e0 la liste finale du patrimoinedu monde islamique.Cette nouvelle cons\u00e9cration constitue une reconnaissance de la valeur historique et culturelle de ce site, dont [&hellip;]<\/p>\n","protected":false},"author":1759,"featured_media":0,"comment_status":"closed","ping_status":"closed","sticky":false,"template":"","format":"standard","meta":{"fifu_image_url":"","fifu_image_alt":"","footnotes":""},"categories":[73,54],"tags":[],"class_list":["post-71195","post","type-post","status-publish","format-standard","hentry","category-actualite","category-maroc"],"_links":{"self":[{"href":"https:\/\/linitiative.ca\/International\/wp-json\/wp\/v2\/posts\/71195","targetHints":{"allow":["GET"]}}],"collection":[{"href":"https:\/\/linitiative.ca\/International\/wp-json\/wp\/v2\/posts"}],"about":[{"href":"https:\/\/linitiative.ca\/International\/wp-json\/wp\/v2\/types\/post"}],"author":[{"embeddable":true,"href":"https:\/\/linitiative.ca\/International\/wp-json\/wp\/v2\/users\/1759"}],"replies":[{"embeddable":true,"href":"https:\/\/linitiative.ca\/International\/wp-json\/wp\/v2\/comments?post=71195"}],"version-history":[{"count":0,"href":"https:\/\/linitiative.ca\/International\/wp-json\/wp\/v2\/posts\/71195\/revisions"}],"wp:attachment":[{"href":"https:\/\/linitiative.ca\/International\/wp-json\/wp\/v2\/media?parent=71195"}],"wp:term":[{"taxonomy":"category","embeddable":true,"href":"https:\/\/linitiative.ca\/International\/wp-json\/wp\/v2\/categories?post=71195"},{"taxonomy":"post_tag","embeddable":true,"href":"https:\/\/linitiative.ca\/International\/wp-json\/wp\/v2\/tags?post=71195"}],"curies":[{"name":"wp","href":"https:\/\/api.w.org\/{rel}","templated":true}]}}