{"id":71196,"date":"2019-12-25T03:38:03","date_gmt":"2019-12-25T08:38:03","guid":{"rendered":"https:\/\/linitiative.ca\/International\/ericsson-et-microsoft-sallient-le-7-janvier-pour-une-solution-integree\/"},"modified":"2019-12-25T03:38:03","modified_gmt":"2019-12-25T08:38:03","slug":"ericsson-et-microsoft-sallient-le-7-janvier-pour-une-solution-integree","status":"publish","type":"post","link":"https:\/\/linitiative.ca\/International\/ericsson-et-microsoft-sallient-le-7-janvier-pour-une-solution-integree\/","title":{"rendered":"Ericsson et Microsoft s\u2019allient le 7 janvier pour une solution int\u00e9gr\u00e9e"},"content":{"rendered":"<p><img decoding=\"async\" class=\"post_layout_5_img\" src=\"http:\/\/aujourdhui.ma\/wp-content\/uploads\/2017\/01\/smartphone-voiture-connectee.jpg?x29840\" alt=\"Ericsson et Microsoft s\u2019allient le 7 janvier pour une solution int\u00e9gr\u00e9e\"\/><\/p>\n<p>La marque Ericsson s\u2019alliera le 7 janvier \u00e0 la multinationaleMicrosoft par un nouveaupartenariat consacr\u00e9 aux voitures connect\u00e9es. <span id=\"more-327840\"\/>A traversce partenariat, Ericsson positionne son Connected Vehicle Cloud au-dessus de la plate-forme Connected Vehicle Platform de Microsoftqui fonctionne sur le cloud Azure. \u00abCette solutionint\u00e9gr\u00e9e permet aux constructeurs automobiles de d\u00e9ployer et d\u2019adapter \u00e0l\u2019\u00e9chelle mondiale des servicesautomobiles\u00bb, pr\u00e9cisent les initiateurs qui \u00e9num\u00e8rent ces prestations. Il s\u2019agit de la gestion de flotte, des mises \u00e0 jour logicielles et des services de s\u00e9curit\u00e9 connect\u00e9s beaucoup plus facilement et rapidement, tout en r\u00e9duisant leurs co\u00fbts.<\/p>\n<p>La m\u00eame solution offre \u00e9galement une flexibilit\u00e9 de par sa conceptionmodulaire et ses multiplesoptions de d\u00e9ploiement. A propos de ce partenariat, Asa Tamsons, senior VP \u00e0 la t\u00eate de la Business Area Technologies&#038; New Businesses,indique : \u00abLe partenariat entre Ericsson et Microsoft fournira une plate-forme compl\u00e8te pour les v\u00e9hicules connect\u00e9s dans le but d\u2019aider les fabricants automobiles \u00e0 acc\u00e9l\u00e9rer leurs solutions pour une meilleure exp\u00e9rience, pour les conducteurs comme pour les passagers. Cette nouvelle offre pr\u00e9sente de grands avantages pour l\u2019industrie automobile,en tirant parti du leadership technologique d\u2019Ericsson et de Microsoft en mati\u00e8re deconnectivit\u00e9 et de cloud computing\u00bb.<\/p>\n<p>De son c\u00f4t\u00e9, Peggy Johnson, executive vice-pr\u00e9sident en charge du Business Development de Microsoft, d\u00e9clare : \u00abAvec Ericsson, nous avonsl\u2019intention de simplifier le d\u00e9veloppement des services automobiles connect\u00e9s pour aider les constructeurs automobiles\u00e0 se concentrer sur les besoins de leurs clients et acc\u00e9l\u00e9rer la mise en oeuvre d\u2019une exp\u00e9rience de conduite unique et sur mesure\u00bb.En d\u00e9tail, la solution Connected Vehicle Cloud d\u2019Ericsson connecte aujourd\u2019hui plus de 4 millions de v\u00e9hicules dans 180 pays,ce qui repr\u00e9sente environ 10% du march\u00e9 mondial des v\u00e9hicules connect\u00e9s. Selon la m\u00eame source, la plate-forme est con\u00e7ue pour r\u00e9pondre \u00e0 la demande croissante des constructeurs automobiles en mati\u00e8re d\u2019\u00e9volutivit\u00e9 et de flexibilit\u00e9, avec la capacit\u00e9de prendre en chargen\u2019importe quel service de v\u00e9hicule connect\u00e9. De plus, le Connected Vehicle Cloud d\u00e9charge les constructeurs automobiles de la complexit\u00e9 d\u2019op\u00e9rations 24 heures sur 24 et 7 jours sur 7 ainsi quede la gestion du cycle de viedes v\u00e9hicules connect\u00e9s avec un niveau de service garanti<\/p>\n<p>.Quant \u00e0 la plate-forme Microsoft Connected Vehicle Platform (MCVP), elle permet aux constructeurs automobilesd\u2019acc\u00e9l\u00e9rer la fourniture d\u2019exp\u00e9riences de conduite s\u00e9curis\u00e9es, confortables et personnalis\u00e9es. Elle combineune infrastructure cloud, une technologie depointe ainsi que des services d\u2019intelligence artificielle et IOT avec un \u00e9cosyst\u00e8me de partenaires diversifi\u00e9. Avec MCVP, Microsoft offre une plate-forme coh\u00e9rente et connect\u00e9e au cloud \u00e0 travers tous les sc\u00e9narios num\u00e9riquessur lesquels des solutionsorient\u00e9es client peuvent \u00eatre construites, y compris l\u2019infotainment embarqu\u00e9, la navigation avanc\u00e9e, la conduite autonome, les services t\u00e9l\u00e9matiques et de pr\u00e9vision, et les mises \u00e0 jour en direct (OTA). MCVP comprendla disponibilit\u00e9 mondialeet la conformit\u00e9 r\u00e9glementaire qui viennent avec Microsoft Azure.<\/p>\n<p>Auteur: ALM<br \/>\n<a href=\"http:\/\/aujourdhui.ma\/automobile\/ericsson-et-microsoft-sallient-le-7-janvier-pour-une-solution-integree\">Cliquez ici pour lire l&rsquo;article depuis sa source.<\/a><\/p>\n","protected":false},"excerpt":{"rendered":"<p>La marque Ericsson s\u2019alliera le 7 janvier \u00e0 la multinationaleMicrosoft par un nouveaupartenariat consacr\u00e9 aux voitures connect\u00e9es. A traversce partenariat, Ericsson positionne son Connected Vehicle Cloud au-dessus de la plate-forme Connected Vehicle Platform de Microsoftqui fonctionne sur le cloud Azure. \u00abCette solutionint\u00e9gr\u00e9e permet aux constructeurs automobiles de d\u00e9ployer et d\u2019adapter \u00e0l\u2019\u00e9chelle mondiale des servicesautomobiles\u00bb, pr\u00e9cisent [&hellip;]<\/p>\n","protected":false},"author":1759,"featured_media":0,"comment_status":"closed","ping_status":"closed","sticky":false,"template":"","format":"standard","meta":{"fifu_image_url":"","fifu_image_alt":"","footnotes":""},"categories":[73,54],"tags":[],"class_list":["post-71196","post","type-post","status-publish","format-standard","hentry","category-actualite","category-maroc"],"_links":{"self":[{"href":"https:\/\/linitiative.ca\/International\/wp-json\/wp\/v2\/posts\/71196","targetHints":{"allow":["GET"]}}],"collection":[{"href":"https:\/\/linitiative.ca\/International\/wp-json\/wp\/v2\/posts"}],"about":[{"href":"https:\/\/linitiative.ca\/International\/wp-json\/wp\/v2\/types\/post"}],"author":[{"embeddable":true,"href":"https:\/\/linitiative.ca\/International\/wp-json\/wp\/v2\/users\/1759"}],"replies":[{"embeddable":true,"href":"https:\/\/linitiative.ca\/International\/wp-json\/wp\/v2\/comments?post=71196"}],"version-history":[{"count":0,"href":"https:\/\/linitiative.ca\/International\/wp-json\/wp\/v2\/posts\/71196\/revisions"}],"wp:attachment":[{"href":"https:\/\/linitiative.ca\/International\/wp-json\/wp\/v2\/media?parent=71196"}],"wp:term":[{"taxonomy":"category","embeddable":true,"href":"https:\/\/linitiative.ca\/International\/wp-json\/wp\/v2\/categories?post=71196"},{"taxonomy":"post_tag","embeddable":true,"href":"https:\/\/linitiative.ca\/International\/wp-json\/wp\/v2\/tags?post=71196"}],"curies":[{"name":"wp","href":"https:\/\/api.w.org\/{rel}","templated":true}]}}