{"id":71200,"date":"2019-12-25T06:13:08","date_gmt":"2019-12-25T11:13:08","guid":{"rendered":"https:\/\/linitiative.ca\/International\/fusion-psa-fca-laccord-est-signe\/"},"modified":"2019-12-25T06:13:08","modified_gmt":"2019-12-25T11:13:08","slug":"fusion-psa-fca-laccord-est-signe","status":"publish","type":"post","link":"https:\/\/linitiative.ca\/International\/fusion-psa-fca-laccord-est-signe\/","title":{"rendered":"Fusion PSA\/FCA: l\u2019accord est sign\u00e9"},"content":{"rendered":"<p class=\"has-text-color has-vivid-cyan-blue-color\"><strong>Fiat Chrysler Automobiles N.V. et Peugeot S.A. ont sign\u00e9 un accord de rapprochement engageant, en vue de la fusion \u00e0 50\/50 de leurs activit\u00e9s, pour former le quatri\u00e8me constructeur automobile mondial en volumes et le troisi\u00e8me en chiffre d\u2019affaires.<\/strong><\/p>\n<p>Cette nouvelle entit\u00e9 sera un acteur cl\u00e9 de l\u2019industrie, avec le management, le savoir-faire, les ressources et la taille qui lui permettront de saisir toutes les opportunit\u00e9s de la nouvelle \u00e8re de la mobilit\u00e9 durable.<\/p>\n<p>\u00abGr\u00e2ce \u00e0 sa solidit\u00e9 financi\u00e8re et aux comp\u00e9tences de ses \u00e9quipes, la nouvelle entit\u00e9 sera particuli\u00e8rement bien plac\u00e9e pour offrir des solutions innovantes, propres et durables, afin d\u2019assurer la mobilit\u00e9 partout dans le monde, tant dans un environnement urbain en rapide expansion que dans les zones rurales.<\/p>\n<p>Les gains d\u2019efficience li\u00e9s \u00e0 des volumes plus \u00e9lev\u00e9s et au rapprochement des forces et comp\u00e9tences cl\u00e9s des deux groupes permettront \u00e0 la future entit\u00e9 de proposer les meilleurs produits, technologies et services \u00e0 tous ses clients, mais aussi de faire face avec une agilit\u00e9 accrue aux transitions en cours dans un secteur automobile particuli\u00e8rement exigeant\u00bb, se f\u00e9licitent les deux nouveaux associ\u00e9s. Selon ces derniers, la nouvelle entit\u00e9 affichera des ventes annuelles de 8,7\u00a0millions de v\u00e9hicules, un chiffre d\u2019affaires consolid\u00e9 de pr\u00e8s de 170\u00a0milliards d\u2019euros, un r\u00e9sultat op\u00e9rationnel courant de plus de 11\u00a0milliards d\u2019euros, et une marge op\u00e9rationnelle de 6,6%, sur la base des r\u00e9sultats agr\u00e9g\u00e9s de 2018.<\/p>\n<p>Ce solide bilan consolid\u00e9 donne une flexibilit\u00e9 financi\u00e8re et une marge de man\u0153uvre consid\u00e9rable \u00e0 la nouvelle entit\u00e9, tant pour ex\u00e9cuter les plans strat\u00e9giques que pour investir dans de nouvelles technologies \u00e0 long terme.<\/p>\n<p>Ils annoncent par ailleurs que la nouvelle entit\u00e9 aura une implantation mondiale \u00e9quilibr\u00e9e et rentable, avec un portefeuille de marques \u00e0 la fois embl\u00e9matiques et compl\u00e9mentaires, couvrant l\u2019ensemble des segments cl\u00e9s du luxe, du premium et des v\u00e9hicules particuliers c\u0153ur de gamme, en passant par les SUV, les pick-ups et les utilitaires l\u00e9gers. Cette implantation b\u00e9n\u00e9ficiera de la force de FCA en Am\u00e9rique du Nord et en Am\u00e9rique Latine ainsi que de la position solide du Groupe PSA en Europe.<\/p>\n<p>L\u2019\u00e9quilibre g\u00e9ographique du nouveau groupe sera nettement renforc\u00e9\u00a0: 46% de son chiffre d\u2019affaires sera r\u00e9alis\u00e9 en Europe, 43\u00a0% en Am\u00e9rique du Nord, sur la base des chiffres agr\u00e9g\u00e9s de 2018. La fusion sera une opportunit\u00e9 pour red\u00e9finir la strat\u00e9gie dans les autres zones.<\/p>\n<p class=\"c2\"><strong>Aimen Bouzoggaghe<\/strong><\/p>\n<p>Auteur: M&rsquo;hammed rahal<br \/>\n<a href=\"http:\/\/albayane.press.ma\/fusion-psa-fca-laccord-est-signe.html\">Cliquez ici pour lire l&rsquo;article depuis sa source.<\/a><\/p>\n","protected":false},"excerpt":{"rendered":"<p>Fiat Chrysler Automobiles N.V. et Peugeot S.A. ont sign\u00e9 un accord de rapprochement engageant, en vue de la fusion \u00e0 50\/50 de leurs activit\u00e9s, pour former le quatri\u00e8me constructeur automobile mondial en volumes et le troisi\u00e8me en chiffre d\u2019affaires. Cette nouvelle entit\u00e9 sera un acteur cl\u00e9 de l\u2019industrie, avec le management, le savoir-faire, les ressources [&hellip;]<\/p>\n","protected":false},"author":1760,"featured_media":0,"comment_status":"closed","ping_status":"closed","sticky":false,"template":"","format":"standard","meta":{"fifu_image_url":"","fifu_image_alt":"","footnotes":""},"categories":[73,54],"tags":[],"class_list":["post-71200","post","type-post","status-publish","format-standard","hentry","category-actualite","category-maroc"],"_links":{"self":[{"href":"https:\/\/linitiative.ca\/International\/wp-json\/wp\/v2\/posts\/71200","targetHints":{"allow":["GET"]}}],"collection":[{"href":"https:\/\/linitiative.ca\/International\/wp-json\/wp\/v2\/posts"}],"about":[{"href":"https:\/\/linitiative.ca\/International\/wp-json\/wp\/v2\/types\/post"}],"author":[{"embeddable":true,"href":"https:\/\/linitiative.ca\/International\/wp-json\/wp\/v2\/users\/1760"}],"replies":[{"embeddable":true,"href":"https:\/\/linitiative.ca\/International\/wp-json\/wp\/v2\/comments?post=71200"}],"version-history":[{"count":0,"href":"https:\/\/linitiative.ca\/International\/wp-json\/wp\/v2\/posts\/71200\/revisions"}],"wp:attachment":[{"href":"https:\/\/linitiative.ca\/International\/wp-json\/wp\/v2\/media?parent=71200"}],"wp:term":[{"taxonomy":"category","embeddable":true,"href":"https:\/\/linitiative.ca\/International\/wp-json\/wp\/v2\/categories?post=71200"},{"taxonomy":"post_tag","embeddable":true,"href":"https:\/\/linitiative.ca\/International\/wp-json\/wp\/v2\/tags?post=71200"}],"curies":[{"name":"wp","href":"https:\/\/api.w.org\/{rel}","templated":true}]}}