{"id":71203,"date":"2019-12-25T06:16:28","date_gmt":"2019-12-25T11:16:28","guid":{"rendered":"https:\/\/linitiative.ca\/International\/le-president-turc-recep-tayyip-erdogan-effectue-ce-mercredi-25-decembre-une-visite-en-tunisie\/"},"modified":"2019-12-25T06:16:28","modified_gmt":"2019-12-25T11:16:28","slug":"le-president-turc-recep-tayyip-erdogan-effectue-ce-mercredi-25-decembre-une-visite-en-tunisie","status":"publish","type":"post","link":"https:\/\/linitiative.ca\/International\/le-president-turc-recep-tayyip-erdogan-effectue-ce-mercredi-25-decembre-une-visite-en-tunisie\/","title":{"rendered":"Le pr\u00e9sident turc, Recep Tayyip Erdogan, effectue ce mercredi 25 d\u00e9cembre une visite en Tunisie"},"content":{"rendered":"<p>Le pr\u00e9sident turc, Recep Tayyip Erdogan, effectue ce mercredi 25 d\u00e9cembre une visite en Tunisie, o\u00f9 il s\u2019entretiendra avec son homologue tunisien, Ka\u00efs Saied, annonce le site libyen 218tv.net, citant des sources diplomatiques.<\/p>\n<p>Le dossier libyen sera en t\u00eate de l\u2019ordre du jour de cette visite surprise, outre des discussions bilat\u00e9rales sur de grands projets d\u2019investissement pr\u00e9vus par la Turquie en Tunisie.<\/p>\n<p>Une rencontre tripartite entre le pr\u00e9sident du conseil pr\u00e9sidentiel, Faez Sarraj, et les pr\u00e9sidents tunisien et turc se tiendrait \u00e0 cette occasion.<\/p>\n<p class=\"dpsp-share-text\">Partager c&rsquo;est aimer!<\/p>\n<div class=\"wp-post-author-wrap wp-post-author-shortcode left\">\n<h3 class=\"awpa-title\"\/>\n<div class=\"wp-post-author\">\n<div class=\"awpa-img awpa-author-block square\"><a href=\"http:\/\/lexpertjournal.net\/fr\/author\/expert\/\"><img loading=\"lazy\" decoding=\"async\" alt=\"\" src=\"http:\/\/0.gravatar.com\/avatar\/c828f0b17d24309f0d01a4eac3747085?s=150&#038;d=mm&#038;r=g\" srcset=\"http:\/\/0.gravatar.com\/avatar\/c828f0b17d24309f0d01a4eac3747085?s=300&#038;d=mm&#038;r=g 2x\" class=\"avatar avatar-150 photo\" height=\"150\" width=\"150\"\/><\/a><\/div>\n<\/div>\n<\/div>\n<p>Auteur: L&rsquo;expert<br \/>\n<a href=\"http:\/\/lexpertjournal.net\/fr\/2019\/12\/25\/le-president-turc-recep-tayyip-erdogan-effectue-ce-mercredi-25-decembre-une-visite-en-tunisie\/\">Cliquez ici pour lire l&rsquo;article depuis sa source.<\/a><\/p>\n","protected":false},"excerpt":{"rendered":"<p>Le pr\u00e9sident turc, Recep Tayyip Erdogan, effectue ce mercredi 25 d\u00e9cembre une visite en Tunisie, o\u00f9 il s\u2019entretiendra avec son homologue tunisien, Ka\u00efs Saied, annonce le site libyen 218tv.net, citant des sources diplomatiques. Le dossier libyen sera en t\u00eate de l\u2019ordre du jour de cette visite surprise, outre des discussions bilat\u00e9rales sur de grands projets [&hellip;]<\/p>\n","protected":false},"author":1775,"featured_media":0,"comment_status":"closed","ping_status":"closed","sticky":false,"template":"","format":"standard","meta":{"fifu_image_url":"","fifu_image_alt":"","footnotes":""},"categories":[78,55],"tags":[],"class_list":["post-71203","post","type-post","status-publish","format-standard","hentry","category-economie","category-tunisie"],"_links":{"self":[{"href":"https:\/\/linitiative.ca\/International\/wp-json\/wp\/v2\/posts\/71203","targetHints":{"allow":["GET"]}}],"collection":[{"href":"https:\/\/linitiative.ca\/International\/wp-json\/wp\/v2\/posts"}],"about":[{"href":"https:\/\/linitiative.ca\/International\/wp-json\/wp\/v2\/types\/post"}],"author":[{"embeddable":true,"href":"https:\/\/linitiative.ca\/International\/wp-json\/wp\/v2\/users\/1775"}],"replies":[{"embeddable":true,"href":"https:\/\/linitiative.ca\/International\/wp-json\/wp\/v2\/comments?post=71203"}],"version-history":[{"count":0,"href":"https:\/\/linitiative.ca\/International\/wp-json\/wp\/v2\/posts\/71203\/revisions"}],"wp:attachment":[{"href":"https:\/\/linitiative.ca\/International\/wp-json\/wp\/v2\/media?parent=71203"}],"wp:term":[{"taxonomy":"category","embeddable":true,"href":"https:\/\/linitiative.ca\/International\/wp-json\/wp\/v2\/categories?post=71203"},{"taxonomy":"post_tag","embeddable":true,"href":"https:\/\/linitiative.ca\/International\/wp-json\/wp\/v2\/tags?post=71203"}],"curies":[{"name":"wp","href":"https:\/\/api.w.org\/{rel}","templated":true}]}}