{"id":71207,"date":"2019-12-25T07:48:00","date_gmt":"2019-12-25T12:48:00","guid":{"rendered":"https:\/\/linitiative.ca\/International\/communique-de-liberte\/"},"modified":"2019-12-25T07:48:00","modified_gmt":"2019-12-25T12:48:00","slug":"communique-de-liberte","status":"publish","type":"post","link":"https:\/\/linitiative.ca\/International\/communique-de-liberte\/","title":{"rendered":"Communiqu\u00e9 de Libert\u00e9"},"content":{"rendered":"<div id=\"originalText\" readability=\"44\">\n<p>L\u2019\u00e9dition de Libert\u00e9 d\u2019aujourd\u2019hui, mercredi 25 d\u00e9cembre 2019, n\u2019est pas parue, alors qu\u2019elle a \u00e9t\u00e9 confectionn\u00e9e et boucl\u00e9e.\u00a0<\/p>\n<p>\u00a0La direction et la r\u00e9daction du journal tiennent \u00e0 informer l\u2019opinion que l\u2019absence, ce jour, de la publication des\u00a0\u00e9tals est\u00a0ind\u00e9pendante de la volont\u00e9 du journal.<\/p>\n<p>Libert\u00e9 pr\u00e9sente ses excuses \u00e0 ses lecteurs et \u00e0 ses annonceurs et leur donne rendez-vous d\u00e8s demain jeudi 26 d\u00e9cembre 2019. \u00a0\u00a0<\/p>\n<p class=\"c6\"><strong>Libert\u00e9<\/strong><\/p>\n<\/div>\n<div id=\"text_core\" readability=\"44\">\n<p>L\u2019\u00e9dition de Libert\u00e9 d\u2019aujourd\u2019hui, mercredi 25 d\u00e9cembre 2019, n\u2019est pas parue, alors qu\u2019elle a \u00e9t\u00e9 confectionn\u00e9e et boucl\u00e9e.\u00a0<\/p>\n<p>\u00a0La direction et la r\u00e9daction du journal tiennent \u00e0 informer l\u2019opinion que l\u2019absence, ce jour, de la publication des\u00a0\u00e9tals est\u00a0ind\u00e9pendante de la volont\u00e9 du journal.<\/p>\n<p>Libert\u00e9 pr\u00e9sente ses excuses \u00e0 ses lecteurs et \u00e0 ses annonceurs et leur donne rendez-vous d\u00e8s demain jeudi 26 d\u00e9cembre 2019. \u00a0\u00a0<\/p>\n<p class=\"c6\"><strong>Libert\u00e9<\/strong><\/p>\n<\/div>\n<p>Auteur:<br \/>\n<a href=\"https:\/\/www.liberte-algerie.com\/actualite\/communique-de-liberte-330798\">Cliquez ici pour lire l&rsquo;article depuis sa source.<\/a><\/p>\n","protected":false},"excerpt":{"rendered":"<p>L\u2019\u00e9dition de Libert\u00e9 d\u2019aujourd\u2019hui, mercredi 25 d\u00e9cembre 2019, n\u2019est pas parue, alors qu\u2019elle a \u00e9t\u00e9 confectionn\u00e9e et boucl\u00e9e.\u00a0 \u00a0La direction et la r\u00e9daction du journal tiennent \u00e0 informer l\u2019opinion que l\u2019absence, ce jour, de la publication des\u00a0\u00e9tals est\u00a0ind\u00e9pendante de la volont\u00e9 du journal. Libert\u00e9 pr\u00e9sente ses excuses \u00e0 ses lecteurs et \u00e0 ses annonceurs et [&hellip;]<\/p>\n","protected":false},"author":1742,"featured_media":0,"comment_status":"closed","ping_status":"closed","sticky":false,"template":"","format":"standard","meta":{"fifu_image_url":"","fifu_image_alt":"","footnotes":""},"categories":[73,53],"tags":[],"class_list":["post-71207","post","type-post","status-publish","format-standard","hentry","category-actualite","category-algerie"],"_links":{"self":[{"href":"https:\/\/linitiative.ca\/International\/wp-json\/wp\/v2\/posts\/71207","targetHints":{"allow":["GET"]}}],"collection":[{"href":"https:\/\/linitiative.ca\/International\/wp-json\/wp\/v2\/posts"}],"about":[{"href":"https:\/\/linitiative.ca\/International\/wp-json\/wp\/v2\/types\/post"}],"author":[{"embeddable":true,"href":"https:\/\/linitiative.ca\/International\/wp-json\/wp\/v2\/users\/1742"}],"replies":[{"embeddable":true,"href":"https:\/\/linitiative.ca\/International\/wp-json\/wp\/v2\/comments?post=71207"}],"version-history":[{"count":0,"href":"https:\/\/linitiative.ca\/International\/wp-json\/wp\/v2\/posts\/71207\/revisions"}],"wp:attachment":[{"href":"https:\/\/linitiative.ca\/International\/wp-json\/wp\/v2\/media?parent=71207"}],"wp:term":[{"taxonomy":"category","embeddable":true,"href":"https:\/\/linitiative.ca\/International\/wp-json\/wp\/v2\/categories?post=71207"},{"taxonomy":"post_tag","embeddable":true,"href":"https:\/\/linitiative.ca\/International\/wp-json\/wp\/v2\/tags?post=71207"}],"curies":[{"name":"wp","href":"https:\/\/api.w.org\/{rel}","templated":true}]}}