{"id":71209,"date":"2019-12-25T10:36:52","date_gmt":"2019-12-25T15:36:52","guid":{"rendered":"https:\/\/linitiative.ca\/International\/production-piscicole-a-chlef-prise-record-despadon-en-2019\/"},"modified":"2019-12-25T10:36:52","modified_gmt":"2019-12-25T15:36:52","slug":"production-piscicole-a-chlef-prise-record-despadon-en-2019","status":"publish","type":"post","link":"https:\/\/linitiative.ca\/International\/production-piscicole-a-chlef-prise-record-despadon-en-2019\/","title":{"rendered":"Production piscicole \u00e0 Chlef: prise record d\u2019espadon en 2019"},"content":{"rendered":"<div readability=\"40\">\n<p><strong>CHLEF &#8211; Une prise \u00ab\u00a0record\u00a0\u00bb d\u2019espadon, estim\u00e9e \u00e0 plus de 40 tonnes, a \u00e9t\u00e9 r\u00e9alis\u00e9e durant cette ann\u00e9e 2019, dans la wilaya de Chlef, a-t-on appris, mercredi, aupr\u00e8s du directeur local de la p\u00eache et des ressources halieutiques.<\/strong><\/p>\n<\/div>\n<div readability=\"73.7244897959\">\n<p>\u00ab\u00a0Nous avons enregistr\u00e9 une hausse consid\u00e9rable dans la production d\u2019espadon, cette ann\u00e9e, estim\u00e9e \u00e0 plus de 40 tonnes, contre une moyenne annuelle de pas plus de six tonnes durant les ann\u00e9es pass\u00e9es\u00a0\u00bb, a indiqu\u00e9, \u00e0 l\u2019APS, Abed Abderrahmane. Il a signal\u00e9 que le plus gros de cette prise a \u00e9t\u00e9 r\u00e9alis\u00e9 sur le littoral d\u2019El Marsa (86 km au Nord-ouest de Chlef).<\/p>\n<blockquote readability=\"12\">\n<p><em><strong>Pour le responsable, cette \u00ab\u00a0performance\u00a0\u00bb s\u2019explique par nombre de facteurs, dont particuli\u00e8rement le \u00ab\u00a0respect de la p\u00e9riode de repos biologique fix\u00e9e pour diff\u00e9rents poissons, outre la participation de bateaux du dehors de la wilaya, dans la campagne de p\u00eache \u00e0 l\u2019espadon\u00a0\u00bb, a-t-il relev\u00e9.<\/strong><\/em><\/p>\n<\/blockquote>\n<p>A cela s\u2019ajoute \u00ab\u00a0le renforcement de la flottille de p\u00eache de la wilaya avec quatre nouveaux bateaux de p\u00eache \u00e0 l\u2019espadon, dans le cadre de projets financ\u00e9s par la Caisse nationale d\u2019assurance ch\u00f4mage (CNAC). Soit un facteur qui a \u00ab\u00a0grandement contribu\u00e9 dans le rel\u00e8vement de la production en la mati\u00e8re, et sa disponibilit\u00e9 sur le march\u00e9 local, voire m\u00eame dans des wilayas voisines\u00a0\u00bb, a assur\u00e9 M. Abed.<\/p>\n<hr\/>\n<h3>Lire aussi:\u00a0<a href=\"http:\/\/www.aps.dz\/economie\/72364-la-peche-de-l-espadon-interdite-du-1er-janvier-au-31-mars-de-chaque-annee-jo\" target=\"_blank\" rel=\"noopener noreferrer\">La p\u00eache de l&rsquo;espadon interdite du 1er janvier au 31 mars de chaque ann\u00e9e (JO)<\/a><\/h3>\n<hr\/>\n<p>A noter l\u2019organisation, derni\u00e8rement par la direction de la p\u00eache et des ressources halieutiques, de campagnes d\u2019information, \u00e0 travers les ports de p\u00eache de la wilaya, dans l\u2019objectif de sensibiliser les professionnels du secteur sur l\u2019imp\u00e9ratif du respect de la p\u00e9riode de repos biologique des poissons, dont la transgression est passible de sanctions et poursuites judiciaires, est-il signal\u00e9 de m\u00eame source.<\/p>\n<p>Selon l\u2019Arr\u00eat\u00e9 du 9 Joumada Ethania1439 correspondant au 25 f\u00e9vrier 2018, fixant la p\u00e9riode de fermeture de la p\u00eache de l\u2019espadon dans les eaux sous juridiction nationale, celle ci est fix\u00e9e du 1er janvier au 31 mars de chaque ann\u00e9e.<\/p>\n<blockquote readability=\"13\">\n<p><em><strong>Durant cette ann\u00e9e 2019, la production de poisson \u00e0 Chlef (exception faite de celle de l\u2019espadon), au niveau des ports de p\u00eache et des fermes d\u2019\u00e9levage aquacole de la wilaya, a \u00e9t\u00e9 estim\u00e9e \u00e0 un peu plus de 5.500 tonnes, soit en baisse comparativement \u00e0 celle de l\u2019ann\u00e9e derni\u00e8re, si\u00e8ge d\u2019une prise de plus de 6000 tonnes.<\/strong><\/em><\/p>\n<\/blockquote>\n<\/div>\n<p>Auteur:<br \/>\n<a href=\"http:\/\/www.aps.dz\/regions\/99413-production-piscicole-a-chlef-prise-record-d-espadon-en-2019\">Cliquez ici pour lire l&rsquo;article depuis sa source.<\/a><\/p>\n","protected":false},"excerpt":{"rendered":"<p>CHLEF &#8211; Une prise \u00ab\u00a0record\u00a0\u00bb d\u2019espadon, estim\u00e9e \u00e0 plus de 40 tonnes, a \u00e9t\u00e9 r\u00e9alis\u00e9e durant cette ann\u00e9e 2019, dans la wilaya de Chlef, a-t-on appris, mercredi, aupr\u00e8s du directeur local de la p\u00eache et des ressources halieutiques. \u00ab\u00a0Nous avons enregistr\u00e9 une hausse consid\u00e9rable dans la production d\u2019espadon, cette ann\u00e9e, estim\u00e9e \u00e0 plus de 40 [&hellip;]<\/p>\n","protected":false},"author":1790,"featured_media":0,"comment_status":"closed","ping_status":"closed","sticky":false,"template":"","format":"standard","meta":{"fifu_image_url":"","fifu_image_alt":"","footnotes":""},"categories":[53,76],"tags":[],"class_list":["post-71209","post","type-post","status-publish","format-standard","hentry","category-algerie","category-regions"],"_links":{"self":[{"href":"https:\/\/linitiative.ca\/International\/wp-json\/wp\/v2\/posts\/71209","targetHints":{"allow":["GET"]}}],"collection":[{"href":"https:\/\/linitiative.ca\/International\/wp-json\/wp\/v2\/posts"}],"about":[{"href":"https:\/\/linitiative.ca\/International\/wp-json\/wp\/v2\/types\/post"}],"author":[{"embeddable":true,"href":"https:\/\/linitiative.ca\/International\/wp-json\/wp\/v2\/users\/1790"}],"replies":[{"embeddable":true,"href":"https:\/\/linitiative.ca\/International\/wp-json\/wp\/v2\/comments?post=71209"}],"version-history":[{"count":0,"href":"https:\/\/linitiative.ca\/International\/wp-json\/wp\/v2\/posts\/71209\/revisions"}],"wp:attachment":[{"href":"https:\/\/linitiative.ca\/International\/wp-json\/wp\/v2\/media?parent=71209"}],"wp:term":[{"taxonomy":"category","embeddable":true,"href":"https:\/\/linitiative.ca\/International\/wp-json\/wp\/v2\/categories?post=71209"},{"taxonomy":"post_tag","embeddable":true,"href":"https:\/\/linitiative.ca\/International\/wp-json\/wp\/v2\/tags?post=71209"}],"curies":[{"name":"wp","href":"https:\/\/api.w.org\/{rel}","templated":true}]}}