{"id":71212,"date":"2019-12-25T12:35:16","date_gmt":"2019-12-25T17:35:16","guid":{"rendered":"https:\/\/linitiative.ca\/International\/funerailles-dahmed-gaid-salah-des-foules-nombreuses-accomplissent-la-priere-de-labsent-a-travers-les-mosquees-de-lest\/"},"modified":"2019-12-25T12:35:16","modified_gmt":"2019-12-25T17:35:16","slug":"funerailles-dahmed-gaid-salah-des-foules-nombreuses-accomplissent-la-priere-de-labsent-a-travers-les-mosquees-de-lest","status":"publish","type":"post","link":"https:\/\/linitiative.ca\/International\/funerailles-dahmed-gaid-salah-des-foules-nombreuses-accomplissent-la-priere-de-labsent-a-travers-les-mosquees-de-lest\/","title":{"rendered":"Fun\u00e9railles d&rsquo;Ahmed Ga\u00efd Salah : des foules nombreuses accomplissent la pri\u00e8re de l&rsquo;absent \u00e0 travers les mosqu\u00e9es de l\u2019Est"},"content":{"rendered":"<p><span class=\"sp-nh-title\">La soci\u00e9t\u00e9 d&rsquo;importation Med Sant\u00e9 b\u00e9n\u00e9ficie d&rsquo;un traitement \u00e9quitable<\/span> &#8211; <span class=\"sp-nh-date\">mercredi 25 d\u00e9cembre 2019 19:28<\/span><\/p>\n<p><span class=\"sp-nh-title\">Les citoyens du centre accomplissent la pri\u00e8re de l\u2019absent pour l&rsquo;\u00e2me de feu Ahmed Ga\u00efd Salah<\/span> &#8211; <span class=\"sp-nh-date\">mercredi 25 d\u00e9cembre 2019 19:26<\/span><\/p>\n<p><span class=\"sp-nh-title\">D\u00e9c\u00e8s de Ga\u00efd Salah: l&rsquo;Alg\u00e9rie a perdu l&rsquo;un de ses hommes les plus int\u00e8gres et les plus d\u00e9vou\u00e9s (partis et organisations)<\/span> &#8211; <span class=\"sp-nh-date\">mercredi 25 d\u00e9cembre 2019 19:24<\/span><\/p>\n<p><span class=\"sp-nh-title\">Le pr\u00e9sident Tebboune re\u00e7oit les f\u00e9licitations de chefs d&rsquo;Etats<\/span> &#8211; <span class=\"sp-nh-date\">mercredi 25 d\u00e9cembre 2019 19:22<\/span><\/p>\n<p><span class=\"sp-nh-title\">La Nation rend un dernier hommage \u00e0 Ahmed Ga\u00efd Salah<\/span> &#8211; <span class=\"sp-nh-date\">mercredi 25 d\u00e9cembre 2019 19:06<\/span><\/p>\n<p><span class=\"sp-nh-title\">Fun\u00e9railles d&rsquo;Ahmed Ga\u00efd Salah : des foules nombreuses accomplissent la pri\u00e8re de l&rsquo;absent \u00e0 travers les mosqu\u00e9es de l\u2019Est<\/span> &#8211; <span class=\"sp-nh-date\">mercredi 25 d\u00e9cembre 2019 18:35<\/span><\/p>\n<p><span class=\"sp-nh-title\">Inhumation d&rsquo;Ahmed Ga\u00efd Salah: l&rsquo;Alg\u00e9rie perd un fils d\u00e9vou\u00e9 qui l&rsquo;a port\u00e9e sur ses \u00e9paules<\/span> &#8211; <span class=\"sp-nh-date\">mercredi 25 d\u00e9cembre 2019 17:38<\/span><\/p>\n<p><span class=\"sp-nh-title\">Les citoyens du Sud accomplissent la pri\u00e8re de l\u2019absent \u00e0 la m\u00e9moire du d\u00e9funt moudjahid Ahmed Ga\u00efd Salah<\/span> &#8211; <span class=\"sp-nh-date\">mercredi 25 d\u00e9cembre 2019 17:35<\/span><\/p>\n<p><span class=\"sp-nh-title\">T\u00e9bessa: saisie de plus de 1.700 comprim\u00e9s psychotropes au poste frontalier Bouchebka<\/span> &#8211; <span class=\"sp-nh-date\">mercredi 25 d\u00e9cembre 2019 17:08<\/span><\/p>\n<p><span class=\"sp-nh-title\">Ain T\u00e9mouchent: mise en \u00e9chec d&rsquo;une tentative d\u2019\u00e9migration clandestine de 15 personnes<\/span> &#8211; <span class=\"sp-nh-date\">mercredi 25 d\u00e9cembre 2019 16:59<\/span><\/p>\n<p><span class=\"sp-nh-title\">Production piscicole \u00e0 Chlef: prise record d\u2019espadon en 2019<\/span> &#8211; <span class=\"sp-nh-date\">mercredi 25 d\u00e9cembre 2019 16:36<\/span><\/p>\n<p><span class=\"sp-nh-title\">Basket\/Coupe d&rsquo;Alg\u00e9rie: r\u00e9sultats du tirage au sort du dernier tour pr\u00e9liminaire<\/span> &#8211; <span class=\"sp-nh-date\">mercredi 25 d\u00e9cembre 2019 16:21<\/span><\/p>\n<p><span class=\"sp-nh-title\">Emigration clandestine: des peines de 2 \u00e0 4 ann\u00e9es de prison ferme \u00e0 l&rsquo;encontre de passeurs<\/span> &#8211; <span class=\"sp-nh-date\">mercredi 25 d\u00e9cembre 2019 15:54<\/span><\/p>\n<p><span class=\"sp-nh-title\">2e Concours de la meilleure pi\u00e8ce th\u00e9\u00e2trale en Tamazight \u00e0 Tizi Ouzou<\/span> &#8211; <span class=\"sp-nh-date\">mercredi 25 d\u00e9cembre 2019 15:30<\/span><\/p>\n<p><span class=\"sp-nh-title\">Huawei Alg\u00e9rie lance le store AppGallery avec int\u00e9gration d&rsquo;applications locales<\/span> &#8211; <span class=\"sp-nh-date\">mercredi 25 d\u00e9cembre 2019 15:13<\/span><\/p>\n<p><span class=\"sp-nh-title\">Ahmed Ga\u00efd Salah inhum\u00e9 au Carr\u00e9 des Martyrs du cimeti\u00e8re El-Alia<\/span> &#8211; <span class=\"sp-nh-date\">mercredi 25 d\u00e9cembre 2019 15:02<\/span><\/p>\n<p><span class=\"sp-nh-title\">Le film des Obs\u00e8ques du G\u00e9n\u00e9ral de corps d&rsquo;Arm\u00e9e Ahmed Ga\u00efd Salah<\/span> &#8211; <span class=\"sp-nh-date\">mercredi 25 d\u00e9cembre 2019 15:00<\/span><\/p>\n<p><span class=\"sp-nh-title\">Granite et marbre: attribution de 6 titres miniers pour plus de 92 millions DA<\/span> &#8211; <span class=\"sp-nh-date\">mercredi 25 d\u00e9cembre 2019 14:54<\/span><\/p>\n<p><span class=\"sp-nh-title\">Accidents de la circulation: 2 morts et 21 bless\u00e9s en 24 heures<\/span> &#8211; <span class=\"sp-nh-date\">mercredi 25 d\u00e9cembre 2019 14:52<\/span><\/p>\n<p><span class=\"sp-nh-title\">Arriv\u00e9e du cort\u00e8ge fun\u00e8bre de Ga\u00efd Salah au cimeti\u00e8re d&rsquo;El Alia<\/span> &#8211; <span class=\"sp-nh-date\">mercredi 25 d\u00e9cembre 2019 14:45<\/span><\/p>\n<p>Auteur:<br \/>\n<a href=\"http:\/\/www.aps.dz\/regions\/99418-funerailles-d-ahmed-gaid-salah-des-foules-nombreuses-accomplissent-la-priere-de-l-absent-a-travers-les-mosquees-de-l-est\">Cliquez ici pour lire l&rsquo;article depuis sa source.<\/a><\/p>\n","protected":false},"excerpt":{"rendered":"<p>La soci\u00e9t\u00e9 d&rsquo;importation Med Sant\u00e9 b\u00e9n\u00e9ficie d&rsquo;un traitement \u00e9quitable &#8211; mercredi 25 d\u00e9cembre 2019 19:28 Les citoyens du centre accomplissent la pri\u00e8re de l\u2019absent pour l&rsquo;\u00e2me de feu Ahmed Ga\u00efd Salah &#8211; mercredi 25 d\u00e9cembre 2019 19:26 D\u00e9c\u00e8s de Ga\u00efd Salah: l&rsquo;Alg\u00e9rie a perdu l&rsquo;un de ses hommes les plus int\u00e8gres et les plus d\u00e9vou\u00e9s [&hellip;]<\/p>\n","protected":false},"author":1790,"featured_media":0,"comment_status":"closed","ping_status":"closed","sticky":false,"template":"","format":"standard","meta":{"fifu_image_url":"","fifu_image_alt":"","footnotes":""},"categories":[53,76],"tags":[],"class_list":["post-71212","post","type-post","status-publish","format-standard","hentry","category-algerie","category-regions"],"_links":{"self":[{"href":"https:\/\/linitiative.ca\/International\/wp-json\/wp\/v2\/posts\/71212","targetHints":{"allow":["GET"]}}],"collection":[{"href":"https:\/\/linitiative.ca\/International\/wp-json\/wp\/v2\/posts"}],"about":[{"href":"https:\/\/linitiative.ca\/International\/wp-json\/wp\/v2\/types\/post"}],"author":[{"embeddable":true,"href":"https:\/\/linitiative.ca\/International\/wp-json\/wp\/v2\/users\/1790"}],"replies":[{"embeddable":true,"href":"https:\/\/linitiative.ca\/International\/wp-json\/wp\/v2\/comments?post=71212"}],"version-history":[{"count":0,"href":"https:\/\/linitiative.ca\/International\/wp-json\/wp\/v2\/posts\/71212\/revisions"}],"wp:attachment":[{"href":"https:\/\/linitiative.ca\/International\/wp-json\/wp\/v2\/media?parent=71212"}],"wp:term":[{"taxonomy":"category","embeddable":true,"href":"https:\/\/linitiative.ca\/International\/wp-json\/wp\/v2\/categories?post=71212"},{"taxonomy":"post_tag","embeddable":true,"href":"https:\/\/linitiative.ca\/International\/wp-json\/wp\/v2\/tags?post=71212"}],"curies":[{"name":"wp","href":"https:\/\/api.w.org\/{rel}","templated":true}]}}