{"id":71214,"date":"2019-12-25T12:03:46","date_gmt":"2019-12-25T17:03:46","guid":{"rendered":"https:\/\/linitiative.ca\/International\/en-2019-le-football-a-lhonneur-dans-loriental\/"},"modified":"2019-12-25T12:03:46","modified_gmt":"2019-12-25T17:03:46","slug":"en-2019-le-football-a-lhonneur-dans-loriental","status":"publish","type":"post","link":"https:\/\/linitiative.ca\/International\/en-2019-le-football-a-lhonneur-dans-loriental\/","title":{"rendered":"En 2019, le football \u00e0 l\u2019honneur dans l\u2019Oriental"},"content":{"rendered":"<p class=\"c4\">L\u2019ann\u00e9e 2019 a \u00e9t\u00e9 marqu\u00e9e, dans la r\u00e9gion de l\u2019Oriental, par le retour des \u00e9v\u00e8nements footballistiques \u00e0 port\u00e9e nationale, apr\u00e8s des d\u00e9cennies pendant lesquelles la r\u00e9gion n\u2019a pas connu l\u2019organisation d\u2019\u00e9v\u00e8nements de ce type.<\/p>\n<p class=\"c4\">En effet, l\u2019\u00e9quipe premi\u00e8re nationale de football a jou\u00e9 un match amical contre la Libye en octobre dernier au Complexe sportif d\u2019Honneur d\u2019Oujda, une premi\u00e8re pour la r\u00e9gion depuis pr\u00e8s de quarante ans. Quelques jours apr\u00e8s, c\u2019est au tour du Stade municipal de Berkane d\u2019accueillir un match international, \u00e0 savoir une rencontre qualificative aux phases finales du Championnat d\u2019Afrique des Nations des joueurs locaux (CHAN-2020), ayant oppos\u00e9 le Maroc \u00e0 l\u2019Alg\u00e9rie.<\/p>\n<p class=\"c4\">Et pour couronner cette belle dynamique sportive, la capitale de l\u2019Oriental \u00e9tait de nouveaux sous les projecteurs le 18 novembre dernier, \u00e0 l\u2019occasion de la finale de la Coupe du Tr\u00f4ne de football, organis\u00e9e pour la premi\u00e8re fois dans la r\u00e9gion de l\u2019Oriental.<\/p>\n<p class=\"c4\">Des \u00e9v\u00e8nements sportifs qui se sont d\u00e9roul\u00e9s, de l\u2019avis de l\u2019ensemble des observateurs, dans les meilleures conditions, avec \u00e0 la cl\u00e9 une forte affluence du public, ce qui a permis \u00e0 ces rencontres de se jouer \u00e0 guichet ferm\u00e9.<\/p>\n<p><img class=\"aligncenter wp-image-16901\" data-src=\"http:\/\/www.mapoujda.ma\/map\/uploads\/2019\/12\/La-s\u00e9lection-nationale-de-football-\u00e0-Oujda-face-au-libye-M750\u00d7430-MAP.jpg\" alt=\"\" width=\"576\" height=\"330\" srcset=\"http:\/\/www.mapoujda.ma\/map\/uploads\/2019\/12\/La-s\u00e9lection-nationale-de-football-\u00e0-Oujda-face-au-libye-M750\u00d7430-MAP.jpg 750w, http:\/\/www.mapoujda.ma\/map\/uploads\/2019\/12\/La-s\u00e9lection-nationale-de-football-\u00e0-Oujda-face-au-libye-M750\u00d7430-MAP-300x172.jpg 300w\" sizes=\"(max-width: 576px) 100vw, 576px\"\/><\/p>\n<p class=\"c4\">Le s\u00e9lectionneur national, Vahid Halilhodzic, a ainsi relev\u00e9 \u00abl\u2019ambiance ph\u00e9nom\u00e9nale\u00bb dans laquelle s\u2019est d\u00e9roul\u00e9 le match amical face \u00e0 la Libye (1-1), tenu dans le cadre des pr\u00e9paratifs aux qualifications de la Coupe d\u2019Afrique des Nations (CAN-2021) au Cameroun.<\/p>\n<p class=\"c4\">Il s\u2019est d\u2019ailleurs dit \u00abd\u00e9\u00e7u\u00bb de ce r\u00e9sultat car le Onze national voulait \u00abfaire plaisir au public nombreux du Stade d\u2019Honneur d\u2019Oujda qui nous a beaucoup soutenu\u00bb, saluant la qualit\u00e9 de l\u2019organisation de ce match ainsi que des conditions dans lesquelles s\u2019est d\u00e9roul\u00e9 le s\u00e9jour de l\u2019\u00e9quipe nationale dans la r\u00e9gion de l\u2019Oriental.<\/p>\n<p class=\"c4\">M\u00eame son de cloche chez l\u2019entraineur de la s\u00e9lection nationale des joueurs locaux, Lhoussaine Ammouta, qui, lui, a vu ses prot\u00e9g\u00e9s prendre le meilleur sur leurs homologues alg\u00e9riens (3-0) et se qualifier pour le Championnat d\u2019Afrique des Nations des joueurs locaux (CHAN-2020), qui se d\u00e9roulera au Cameroun \u00e9galement.<\/p>\n<p class=\"c4\">Ammouta a salu\u00e9 le choix \u00abstrat\u00e9gique et tr\u00e8s positif\u00bb port\u00e9 sur les villes d\u2019Oujda et de Berkane pour accueillir des rencontres des s\u00e9lections nationales, exprimant sa gratitude au public venu nombreux au Stade municipal de Berkane pour supporter l\u2019\u00e9quipe nationale des joueurs locaux.<\/p>\n<p class=\"c4\">La ville d\u2019Oujda avait rendez-vous avec un autre \u00e9v\u00e8nement sportif de grande envergure, \u00e0 savoir la finale de Coupe du Tr\u00f4ne de football, un match in\u00e9dit \u00e0 plus d\u2019un titre.<\/p>\n<p><img class=\"wp-image-16734 aligncenter\" data-src=\"http:\/\/www.mapoujda.ma\/map\/uploads\/2019\/12\/Le-TAS-remporte-la-coupe-du-tr\u00f4ne-2019-M750\u00d7430-MAP.jpg\" alt=\"\" width=\"576\" height=\"330\" srcset=\"http:\/\/www.mapoujda.ma\/map\/uploads\/2019\/12\/Le-TAS-remporte-la-coupe-du-tr\u00f4ne-2019-M750\u00d7430-MAP.jpg 750w, http:\/\/www.mapoujda.ma\/map\/uploads\/2019\/12\/Le-TAS-remporte-la-coupe-du-tr\u00f4ne-2019-M750\u00d7430-MAP-300x172.jpg 300w\" sizes=\"(max-width: 576px) 100vw, 576px\"\/><\/p>\n<p class=\"c4\">D\u2019une part, c\u2019\u00e9tait la premi\u00e8re fois qu\u2019une finale de Coupe du Tr\u00f4ne se jouait dans l\u2019Oriental, d\u2019autre part, les deux finalistes, le Tihad Athletic Sportif de Casablanca (TAS) et le Hassania d\u2019Agadir (HUSA), n\u2019avait jamais remport\u00e9 ce titre auparavant.<\/p>\n<p class=\"c4\">Le pr\u00e9cieux troph\u00e9e reviendra au Tihad Athletic Sportif de Casablanca (TAS), vainqueur de cette finale, pr\u00e9sid\u00e9e par SAR le Prince Moulay Rachid, sur le score de 2 buts \u00e0 1.<\/p>\n<p class=\"c4\">L\u2019ensemble de ces \u00e9v\u00e8nements sportifs n\u2019ont pas manqu\u00e9 de cr\u00e9er une dynamique \u00e9conomique et touristique b\u00e9n\u00e9fique pour l\u2019\u00e9conomie locale. Les milliers de spectateurs, venus de l\u2019ensemble des r\u00e9gions du Maroc, ont rempli les \u00e9tablissements touristiques d\u2019Oujda \u00e0 l\u2019occasion de ces rencontres et une forte demande a \u00e9t\u00e9 enregistr\u00e9e \u00e9galement pour les appartements meubl\u00e9s.<\/p>\n<p class=\"c4\">Cette affluence r\u00e9affirme, si besoin en est, l\u2019importance de l\u2019animation sportive et culturelle dans la vie \u00e9conomique locale, et invite \u00e0 r\u00e9fl\u00e9chir sur les moyens de p\u00e9renniser ces acquis et promouvoir les \u00e9v\u00e8nements de ce genre tout en les \u00e9talant tout au long de l\u2019ann\u00e9e, \u00e0 travers la coordination entre les diff\u00e9rents intervenants.<\/p>\n<p class=\"c4\">Le succ\u00e8s des rencontres sportives tenues \u00e0 Oujda n\u2019est pas sans lien avec les importants travaux de mise \u00e0 niveau r\u00e9alis\u00e9s au Complexe sportif d\u2019Honneur, qui a litt\u00e9ralement fait peau neuve et rouvert ses portes en septembre dernier.<\/p>\n<p><img class=\"wp-image-16733 aligncenter\" data-src=\"http:\/\/www.mapoujda.ma\/map\/uploads\/2019\/12\/le-Stade-dHonneur-dOujda-apr\u00e9s-des-travaux-de-mise-\u00e0-niveau-M750\u00d7430-MAP.jpg\" alt=\"\" width=\"576\" height=\"330\" srcset=\"http:\/\/www.mapoujda.ma\/map\/uploads\/2019\/12\/le-Stade-dHonneur-dOujda-apr\u00e9s-des-travaux-de-mise-\u00e0-niveau-M750\u00d7430-MAP.jpg 750w, http:\/\/www.mapoujda.ma\/map\/uploads\/2019\/12\/le-Stade-dHonneur-dOujda-apr\u00e9s-des-travaux-de-mise-\u00e0-niveau-M750\u00d7430-MAP-300x172.jpg 300w\" sizes=\"(max-width: 576px) 100vw, 576px\"\/><\/p>\n<p class=\"c4\">Le projet d\u2019am\u00e9nagement et de r\u00e9novation de ce stade, d\u2019une capacit\u00e9 d\u2019accueil de plus de 19.000 places, a \u00e9t\u00e9 men\u00e9 dans le cadre d\u2019un partenariat entre le minist\u00e8re de la Jeunesse et des Sports, la F\u00e9d\u00e9ration royale marocaine de football (FRMF) et la Wilaya de la r\u00e9gion de l\u2019Oriental.<\/p>\n<p class=\"c4\">Les travaux de mise \u00e0 niveau du stade, qui ont co\u00fbt\u00e9 pr\u00e8s de 20 millions de dirhams, ont d\u00e9marr\u00e9 par l\u2019installation d\u2019un nouveau syst\u00e8me d\u2019\u00e9clairage ainsi que par la pose d\u2019une pelouse en gazon naturel.<\/p>\n<p class=\"c4\">Les autres travaux de mise \u00e0 niveau de l\u2019ensemble des composantes du stade ont concern\u00e9 notamment l\u2019am\u00e9nagement et la r\u00e9novation des vestiaires, d\u2019une salle de conf\u00e9rence et d\u2019une salle de musculation, l\u2019installation de si\u00e8ges de qualit\u00e9 et l\u2019am\u00e9nagement et \u00e9quipement d\u2019une zone r\u00e9serv\u00e9e aux journalistes.<\/p>\n<p class=\"c4\">\u00abLes diff\u00e9rents intervenants \u00e9taient au rendez-vous pour achever les travaux \u00e0 temps, de m\u00eame que le cahier des charges a \u00e9t\u00e9 respect\u00e9 \u00e0 100%\u00bb, s\u2019\u00e9tait f\u00e9licit\u00e9, \u00e0 cette occasion, le directeur r\u00e9gional de la Jeunesse et des Sports, Noureddine Rafei.<\/p>\n<p class=\"c4\">De son c\u00f4t\u00e9, Mohamed Houar, pr\u00e9sident du Mouloudia Club d\u2019Oujda (MCO), qui joue ses matchs \u00e0 domicile dans ce stade, a tenu \u00e0 saluer les efforts consentis par les diff\u00e9rentes parties engag\u00e9es dans ce projet pour permettre \u00e0 Oujda de disposer d\u2019un stade enti\u00e8rement r\u00e9nov\u00e9 et r\u00e9pondant aux normes internationales.<\/p>\n<p>Auteur: Soufiane ELAHMAR<br \/>\n<a href=\"http:\/\/www.mapoujda.ma\/fr\/en-2019-le-football-a-lhonneur-dans-loriental\/\">Cliquez ici pour lire l&rsquo;article depuis sa source.<\/a><\/p>\n","protected":false},"excerpt":{"rendered":"<p>L\u2019ann\u00e9e 2019 a \u00e9t\u00e9 marqu\u00e9e, dans la r\u00e9gion de l\u2019Oriental, par le retour des \u00e9v\u00e8nements footballistiques \u00e0 port\u00e9e nationale, apr\u00e8s des d\u00e9cennies pendant lesquelles la r\u00e9gion n\u2019a pas connu l\u2019organisation d\u2019\u00e9v\u00e8nements de ce type. En effet, l\u2019\u00e9quipe premi\u00e8re nationale de football a jou\u00e9 un match amical contre la Libye en octobre dernier au Complexe sportif [&hellip;]<\/p>\n","protected":false},"author":1788,"featured_media":71215,"comment_status":"closed","ping_status":"closed","sticky":false,"template":"","format":"standard","meta":{"fifu_image_url":"","fifu_image_alt":"","footnotes":""},"categories":[54,76],"tags":[],"class_list":["post-71214","post","type-post","status-publish","format-standard","has-post-thumbnail","hentry","category-maroc","category-regions"],"_links":{"self":[{"href":"https:\/\/linitiative.ca\/International\/wp-json\/wp\/v2\/posts\/71214","targetHints":{"allow":["GET"]}}],"collection":[{"href":"https:\/\/linitiative.ca\/International\/wp-json\/wp\/v2\/posts"}],"about":[{"href":"https:\/\/linitiative.ca\/International\/wp-json\/wp\/v2\/types\/post"}],"author":[{"embeddable":true,"href":"https:\/\/linitiative.ca\/International\/wp-json\/wp\/v2\/users\/1788"}],"replies":[{"embeddable":true,"href":"https:\/\/linitiative.ca\/International\/wp-json\/wp\/v2\/comments?post=71214"}],"version-history":[{"count":0,"href":"https:\/\/linitiative.ca\/International\/wp-json\/wp\/v2\/posts\/71214\/revisions"}],"wp:featuredmedia":[{"embeddable":true,"href":"https:\/\/linitiative.ca\/International\/wp-json\/"}],"wp:attachment":[{"href":"https:\/\/linitiative.ca\/International\/wp-json\/wp\/v2\/media?parent=71214"}],"wp:term":[{"taxonomy":"category","embeddable":true,"href":"https:\/\/linitiative.ca\/International\/wp-json\/wp\/v2\/categories?post=71214"},{"taxonomy":"post_tag","embeddable":true,"href":"https:\/\/linitiative.ca\/International\/wp-json\/wp\/v2\/tags?post=71214"}],"curies":[{"name":"wp","href":"https:\/\/api.w.org\/{rel}","templated":true}]}}