{"id":71216,"date":"2019-12-25T05:15:00","date_gmt":"2019-12-25T10:15:00","guid":{"rendered":"https:\/\/linitiative.ca\/International\/la-fondation-cdg-appuie-les-porteurs-de-microprojets\/"},"modified":"2019-12-25T05:15:00","modified_gmt":"2019-12-25T10:15:00","slug":"la-fondation-cdg-appuie-les-porteurs-de-microprojets","status":"publish","type":"post","link":"https:\/\/linitiative.ca\/International\/la-fondation-cdg-appuie-les-porteurs-de-microprojets\/","title":{"rendered":"La Fondation CDG appuie les porteurs de microprojets"},"content":{"rendered":"<div class=\"dnd-atom-wrapper type-image context-sdl_editor_representation\" contenteditable=\"false\">\n<div class=\"dnd-drop-wrapper image\"><img loading=\"lazy\" decoding=\"async\" typeof=\"foaf:Image\" class=\"img-responsive\" src=\"https:\/\/www.leconomiste.com\/sites\/default\/files\/eco7\/public\/thumbnails\/image\/cdg-microprojets-061.jpg\" width=\"660\" height=\"330\" alt=\"cdg-microprojets-061.jpg\" title=\"cdg-microprojets-061.jpg\"\/><\/div>\n<\/div>\n<p class=\"rtejustify\">Favoriser l\u2019insertion des jeunes les plus vuln\u00e9rables et d\u00e9favoris\u00e9s dans le tissu \u00e9conomique et social du pays. C\u2019est dans cet esprit que la Fondation CDG a r\u00e9cemment octroy\u00e9 des aides financi\u00e8res \u00e0 pr\u00e8s de 121 porteurs de micro-projets provenant de diff\u00e9rentes r\u00e9gions du pays.<\/p>\n<p class=\"rtejustify\">Ce soutien \u2013 d\u00e9livr\u00e9 dans le cadre du programme national d\u2019appui aux activit\u00e9s g\u00e9n\u00e9ratrices de revenus du groupe \u2013 permettra de prendre en charge au moins 50% du co\u00fbt de chaque entreprise s\u00e9lectionn\u00e9e. Objectif: d\u00e9velopper l\u2019auto-emploi et l\u2019autonomie \u00e9conomique sous nos latitudes tout en luttant activement contre l\u2019exclusion sociale. Un concours auquel ont particip\u00e9 pr\u00e8s de 176 startuppers, \u00e9valu\u00e9s suivant diff\u00e9rents crit\u00e8res parmi lesquels le caract\u00e8re innovant du projet, mais \u00e9galement son impact social et environnemental. La comp\u00e9tition valorisait par ailleurs les produits du terroir.<\/p>\n<p class=\"rtejustify\">L\u2019initiative a \u00e9galement permis de r\u00e9compenser un total de 13 associations de microcr\u00e9dit les plus actives dans le domaine. Parmi ces derni\u00e8res notamment, Bab Rizq Jameel qui a accompagn\u00e9 pas moins d\u2019une dizaine de laur\u00e9ats de la comp\u00e9tition. Des entrepreneurs dont les activit\u00e9s \u2013 particuli\u00e8rement diversifi\u00e9es \u2013 vont de l\u2019imprimerie coop\u00e9rative \u00e0 la production de mets culinaires.<\/p>\n<p class=\"rtejustify\">L\u2019organisme, qui a d\u00e9bours\u00e9 plus de 151 millions de DH et cr\u00e9\u00e9 pr\u00e8s de 33.500 emplois depuis 2011, accorde une place importante \u00e0 la formation ainsi qu\u2019\u00e0 l\u2019accompagnement de ses jeunes b\u00e9n\u00e9ficiaires en plus de leur d\u00e9livrer des pr\u00eats individuels et solidaires. D\u2019autres associations tout aussi dynamiques dans le domaine, telles que Attawfiq et Attadamoune, ont \u00e9galement \u00e9t\u00e9 distingu\u00e9es lors de la manifestation.<\/p>\n<p class=\"rtejustify\"><em>K.A.<\/em><\/p>\n<p class=\"rtejustify\">\u00a0<\/p>\n<p>Auteur: hlafriqi<br \/>\n<a href=\"https:\/\/www.leconomiste.com\/article\/1054959-la-fondation-cdg-appuie-les-porteurs-de-microprojets\">Cliquez ici pour lire l&rsquo;article depuis sa source.<\/a><\/p>\n","protected":false},"excerpt":{"rendered":"<p>Favoriser l\u2019insertion des jeunes les plus vuln\u00e9rables et d\u00e9favoris\u00e9s dans le tissu \u00e9conomique et social du pays. C\u2019est dans cet esprit que la Fondation CDG a r\u00e9cemment octroy\u00e9 des aides financi\u00e8res \u00e0 pr\u00e8s de 121 porteurs de micro-projets provenant de diff\u00e9rentes r\u00e9gions du pays. Ce soutien \u2013 d\u00e9livr\u00e9 dans le cadre du programme national d\u2019appui [&hellip;]<\/p>\n","protected":false},"author":1763,"featured_media":71217,"comment_status":"closed","ping_status":"closed","sticky":false,"template":"","format":"standard","meta":{"fifu_image_url":"","fifu_image_alt":"","footnotes":""},"categories":[78,54],"tags":[],"class_list":["post-71216","post","type-post","status-publish","format-standard","has-post-thumbnail","hentry","category-economie","category-maroc"],"_links":{"self":[{"href":"https:\/\/linitiative.ca\/International\/wp-json\/wp\/v2\/posts\/71216","targetHints":{"allow":["GET"]}}],"collection":[{"href":"https:\/\/linitiative.ca\/International\/wp-json\/wp\/v2\/posts"}],"about":[{"href":"https:\/\/linitiative.ca\/International\/wp-json\/wp\/v2\/types\/post"}],"author":[{"embeddable":true,"href":"https:\/\/linitiative.ca\/International\/wp-json\/wp\/v2\/users\/1763"}],"replies":[{"embeddable":true,"href":"https:\/\/linitiative.ca\/International\/wp-json\/wp\/v2\/comments?post=71216"}],"version-history":[{"count":0,"href":"https:\/\/linitiative.ca\/International\/wp-json\/wp\/v2\/posts\/71216\/revisions"}],"wp:featuredmedia":[{"embeddable":true,"href":"https:\/\/linitiative.ca\/International\/wp-json\/"}],"wp:attachment":[{"href":"https:\/\/linitiative.ca\/International\/wp-json\/wp\/v2\/media?parent=71216"}],"wp:term":[{"taxonomy":"category","embeddable":true,"href":"https:\/\/linitiative.ca\/International\/wp-json\/wp\/v2\/categories?post=71216"},{"taxonomy":"post_tag","embeddable":true,"href":"https:\/\/linitiative.ca\/International\/wp-json\/wp\/v2\/tags?post=71216"}],"curies":[{"name":"wp","href":"https:\/\/api.w.org\/{rel}","templated":true}]}}