{"id":71218,"date":"2019-12-25T05:30:00","date_gmt":"2019-12-25T10:30:00","guid":{"rendered":"https:\/\/linitiative.ca\/International\/le-coty-fait-son-entree-au-maroc\/"},"modified":"2019-12-25T05:30:00","modified_gmt":"2019-12-25T10:30:00","slug":"le-coty-fait-son-entree-au-maroc","status":"publish","type":"post","link":"https:\/\/linitiative.ca\/International\/le-coty-fait-son-entree-au-maroc\/","title":{"rendered":"Le Coty fait son entr\u00e9e au Maroc"},"content":{"rendered":"<div readability=\"36\">\n<p>L\u2019Aivam organise l\u2019\u00e9lection de la voiture de l\u2019ann\u00e9e<\/p>\n<p>Un jury exclusivement compos\u00e9 de journalistes sp\u00e9cialis\u00e9s<\/p>\n<p>La laur\u00e9ate r\u00e9v\u00e9l\u00e9e fin janvier<\/p>\n<\/div>\n<div readability=\"83\">\n<div class=\"dnd-atom-wrapper type-image context-sdl_editor_representation atom-align-right\" contenteditable=\"false\" readability=\"31.5\">\n<div class=\"dnd-drop-wrapper image\"><img loading=\"lazy\" decoding=\"async\" typeof=\"foaf:Image\" class=\"img-responsive\" src=\"https:\/\/www.leconomiste.com\/sites\/default\/files\/eco7\/public\/thumbnails\/image\/car-of-the-year-061.jpg\" width=\"220\" height=\"369\" alt=\"car-of-the-year-061.jpg\" title=\"car-of-the-year-061.jpg\"\/><\/div>\n<div class=\"dnd-legend-wrapper\" contenteditable=\"true\" readability=\"8\">\n<p class=\"rtejustify\">L\u2019identit\u00e9 visuelle du Coty a \u00e9t\u00e9 con\u00e7ue par l\u2019Aivam dans l\u2019objectif de p\u00e9renniser le prix et l\u2019installer dans le temps<\/p>\n<\/div>\n<\/div>\n<p class=\"rtejustify\">CAR of the year (Coty) voit le jour au Maroc. Fruit de 3 ann\u00e9es de travail de l\u2019Association des importateurs de voitures au Maroc (Aivam), l\u2019\u00e9lection officielle de la voiture de l\u2019ann\u00e9e sera organis\u00e9e pour la premi\u00e8re fois au Maroc d\u00e8s janvier 2020. L\u2019annonce de cet \u00e9v\u00e8nement\u00a0 a \u00e9t\u00e9 faite par Adil Bennani, pr\u00e9sident de l\u2019Aivam vendredi 20 d\u00e9cembre.<\/p>\n<p class=\"rtejustify\">\u00abEntrant dans le cadre de notre mission de sensibilisation du public sur le secteur de l\u2019automobile, Coty Maroc a pour objectif d\u2019\u00e9lire la voiture de l\u2019ann\u00e9e par un panel s\u00e9lectionn\u00e9 de journalistes sp\u00e9cialis\u00e9s dans l\u2019automobile, tel que cela est pratiqu\u00e9 \u00e0 l\u2019international, en assurant une transparence et \u00e9quit\u00e9 \u00e0 toutes les marques participantes\u00bb, soutient-il.<\/p>\n<p class=\"rtejustify\">En effet, les r\u00e8gles de ce concours qui s\u2019inspire de ce qui se fait \u00e0 l\u2019international sont claires. Le comit\u00e9 d\u2019organisation qui rel\u00e8ve de l\u2019Aivam est totalement neutre puisqu\u2019il ne vote pas. Son intervention se limite uniquement \u00e0 assurer la logistique de l\u2019\u00e9v\u00e9nement. Il ne participe ni aux s\u00e9ances d\u2019\u00e9valuation statiques ni aux essaies dynamiques.<\/p>\n<p class=\"rtejustify\">Seuls les membres du jury, compos\u00e9 exclusivement de journalistes automobiles, dont L\u2019Economiste fait partie, sont concern\u00e9s. Il s\u2019agit, tout particuli\u00e8rement, de presse \u00e9crite et digitale sp\u00e9cialis\u00e9e ainsi que d\u2019experts et de sp\u00e9cialistes automobile.<\/p>\n<p class=\"rtejustify\">Le jury qui devra \u00e9lire un pr\u00e9sident est compos\u00e9 de 8 membres qui auront la t\u00e2che de s\u00e9lectionner la voiture de l\u2019ann\u00e9e sur la base de plusieurs crit\u00e8res. Les v\u00e9hicules pr\u00e9s\u00e9lectionn\u00e9s sont uniquement des nouveaux mod\u00e8les (les facelifts sont exclus) lanc\u00e9s \u00e0 la commercialisation en N-1 dont la valeur maximale ne d\u00e9passe pas les 400.000 DH HT. Chaque v\u00e9hicule est jug\u00e9 sur 4 cat\u00e9gories de crit\u00e8res d\u2019\u00e9valuation que sont design\/fonctionnalit\u00e9\/innovation,performance\/s\u00e9curit\u00e9\/confort,consommation\/environnement et rapport prix\/\u00e9quipements.<\/p>\n<p class=\"rtejustify\">Le processus d\u2019\u00e9valuation va se d\u00e9rouler en 3 \u00e9tapes. Cela commencera par la premi\u00e8re r\u00e9union du jury en pr\u00e9sence du notaire pour choisir un pr\u00e9sident de l\u2019\u00e9dition.<\/p>\n<p class=\"rtejustify\">Le notaire pr\u00e9sentera aussi le r\u00e8glement int\u00e9rieur et confirme avec les membres du jury la liste des pr\u00e9tendants au titre du Coty ainsi que les prochaines \u00e9tapes. Vient ensuite, l\u2019\u00e9valuation statique des v\u00e9hicules pr\u00e9s\u00e9lectionn\u00e9s qui est ponctu\u00e9e par la s\u00e9lection de sept finalistes sur la base d\u2019une short-list de 7 mod\u00e8les propos\u00e9e par chaque membre du jury. Les nominations des finalistes se font en fonction du nombre des citations.<\/p>\n<p class=\"rtejustify\">En cas d\u2019\u00e9galit\u00e9 entre deux mod\u00e8les ou plus, ces derniers seront soumis une deuxi\u00e8me fois au vote du jury. Les sept finalistes sont ensuite regroup\u00e9s pour un essai sur route\u00a0 en vue du vote final. Le choix de chaque membre du jury sera communiqu\u00e9 sous pli ferm\u00e9 au notaire. Une r\u00e9union sera tenue 24h avant la soir\u00e9e d\u2019annonce de la voiture \u00e9lue qui est pr\u00e9vue pour fin janvier en pr\u00e9sence du jury et du notaire.<\/p>\n<p class=\"rtejustify\"><em>Moulay Ahmed BELGHITI<\/em><\/p>\n<p class=\"rtejustify\">\u00a0<\/p>\n<\/div>\n<p>Auteur: hlafriqi<br \/>\n<a href=\"https:\/\/www.leconomiste.com\/article\/1054960-le-coty-fait-son-entree-au-maroc\">Cliquez ici pour lire l&rsquo;article depuis sa source.<\/a><\/p>\n","protected":false},"excerpt":{"rendered":"<p>L\u2019Aivam organise l\u2019\u00e9lection de la voiture de l\u2019ann\u00e9e Un jury exclusivement compos\u00e9 de journalistes sp\u00e9cialis\u00e9s La laur\u00e9ate r\u00e9v\u00e9l\u00e9e fin janvier L\u2019identit\u00e9 visuelle du Coty a \u00e9t\u00e9 con\u00e7ue par l\u2019Aivam dans l\u2019objectif de p\u00e9renniser le prix et l\u2019installer dans le temps CAR of the year (Coty) voit le jour au Maroc. Fruit de 3 ann\u00e9es de [&hellip;]<\/p>\n","protected":false},"author":1763,"featured_media":71219,"comment_status":"closed","ping_status":"closed","sticky":false,"template":"","format":"standard","meta":{"fifu_image_url":"","fifu_image_alt":"","footnotes":""},"categories":[78,54],"tags":[],"class_list":["post-71218","post","type-post","status-publish","format-standard","has-post-thumbnail","hentry","category-economie","category-maroc"],"_links":{"self":[{"href":"https:\/\/linitiative.ca\/International\/wp-json\/wp\/v2\/posts\/71218","targetHints":{"allow":["GET"]}}],"collection":[{"href":"https:\/\/linitiative.ca\/International\/wp-json\/wp\/v2\/posts"}],"about":[{"href":"https:\/\/linitiative.ca\/International\/wp-json\/wp\/v2\/types\/post"}],"author":[{"embeddable":true,"href":"https:\/\/linitiative.ca\/International\/wp-json\/wp\/v2\/users\/1763"}],"replies":[{"embeddable":true,"href":"https:\/\/linitiative.ca\/International\/wp-json\/wp\/v2\/comments?post=71218"}],"version-history":[{"count":0,"href":"https:\/\/linitiative.ca\/International\/wp-json\/wp\/v2\/posts\/71218\/revisions"}],"wp:featuredmedia":[{"embeddable":true,"href":"https:\/\/linitiative.ca\/International\/wp-json\/"}],"wp:attachment":[{"href":"https:\/\/linitiative.ca\/International\/wp-json\/wp\/v2\/media?parent=71218"}],"wp:term":[{"taxonomy":"category","embeddable":true,"href":"https:\/\/linitiative.ca\/International\/wp-json\/wp\/v2\/categories?post=71218"},{"taxonomy":"post_tag","embeddable":true,"href":"https:\/\/linitiative.ca\/International\/wp-json\/wp\/v2\/tags?post=71218"}],"curies":[{"name":"wp","href":"https:\/\/api.w.org\/{rel}","templated":true}]}}