{"id":71223,"date":"2019-12-25T06:15:00","date_gmt":"2019-12-25T11:15:00","guid":{"rendered":"https:\/\/linitiative.ca\/International\/lalgerie-fait-encore-parler-delle\/"},"modified":"2019-12-25T06:15:00","modified_gmt":"2019-12-25T11:15:00","slug":"lalgerie-fait-encore-parler-delle","status":"publish","type":"post","link":"https:\/\/linitiative.ca\/International\/lalgerie-fait-encore-parler-delle\/","title":{"rendered":"L\u2019Alg\u00e9rie fait encore parler d\u2019elle\u2026"},"content":{"rendered":"<div readability=\"35\">\n<p>D\u00e9c\u00e8s du g\u00e9n\u00e9ral Ahmed Ga\u00efd Salah, Sa\u00efd Chengriha assure l\u2019int\u00e9rim<\/p>\n<p>A quelques jours de l\u2019investiture du nouveau pr\u00e9sident<\/p>\n<\/div>\n<div readability=\"74\">\n<div class=\"dnd-atom-wrapper type-image context-sdl_editor_representation\" contenteditable=\"false\">\n<div class=\"dnd-drop-wrapper image\"><img loading=\"lazy\" decoding=\"async\" typeof=\"foaf:Image\" class=\"img-responsive\" src=\"https:\/\/leconomiste.com\/sites\/default\/files\/eco7\/public\/thumbnails\/image\/algerie-061.jpg\" width=\"800\" height=\"599\" alt=\"algerie-061.jpg\" title=\"algerie-061.jpg\"\/><\/div>\n<\/div>\n<p class=\"rtejustify\">Une nouvelle \u00e9preuve pour le pays. Quatre jours \u00e0 peine apr\u00e8s l&rsquo;investiture du nouveau pr\u00e9sident Abdelmadjid Tebboune, le chef d&rsquo;\u00e9tat-major de l&rsquo;arm\u00e9e, le g\u00e9n\u00e9ral Ahmed Ga\u00efd Salah, est d\u00e9c\u00e9d\u00e9 hier lundi d&rsquo;une crise cardiaque. C\u2019est lui qui a dirig\u00e9 l&rsquo;Alg\u00e9rie apr\u00e8s la d\u00e9mission forc\u00e9e en avril de Bouteflika. Sa derni\u00e8re apparition publique remontait au 19 d\u00e9cembre.<\/p>\n<p class=\"rtejustify\">Ceci lors de la c\u00e9r\u00e9monie d&rsquo;investiture du pr\u00e9sident. A cette occasion, Tebboune avait \u00e9lev\u00e9 le pr\u00e9sident par int\u00e9rim Abdelkader Bensalah mais aussi le g\u00e9n\u00e9ral Ga\u00efd Salah \u00e0 la dignit\u00e9 de \u00abSadr\u00bb dans l&rsquo;Ordre national du M\u00e9rite, honneur traditionnellement r\u00e9serv\u00e9 aux chefs de l&rsquo;Etat.<\/p>\n<p class=\"rtejustify\">Le nouveau pr\u00e9sident a d\u00e9cr\u00e9t\u00e9 trois jours de deuil national et a charg\u00e9 le g\u00e9n\u00e9ral Sa\u00efd Chengriha, commandant des Forces terrestres, d&rsquo;assurer l&rsquo;int\u00e9rim comme chef d&rsquo;\u00e9tat-major de l&rsquo;Arm\u00e9e nationale populaire (ANP), selon la t\u00e9l\u00e9vision alg\u00e9rienne.<\/p>\n<p class=\"rtejustify\">Ag\u00e9 de 74 ans, le g\u00e9n\u00e9ral Chengriha avait \u00e9t\u00e9 nomm\u00e9 \u00e0 la t\u00eate des Forces terrestres en septembre 2018 par le g\u00e9n\u00e9ral Ga\u00efd Salah, lors d&rsquo;un vaste remaniement dans la haute hi\u00e9rarchie militaire et s\u00e9curitaire. Difficile de savoir si le d\u00e9c\u00e8s soudain du g\u00e9n\u00e9ral Ga\u00efd Salah aura une influence sur l&rsquo;installation au pouvoir et la marge de manoeuvre du pr\u00e9sident Tebboune, qui \u00e9tait r\u00e9put\u00e9 proche du d\u00e9funt, selon certains observateurs.<\/p>\n<p class=\"rtejustify\">Au lendemain de la prise de fonction du pr\u00e9sident, une foule a manifest\u00e9 \u00e0 nouveau \u00e0 Alger, rejetant le \u00absyst\u00e8me politique dont il est issu et restant sourde \u00e0 son offre de dialogue\u00bb. Le nouveau chef de l&rsquo;Etat s&rsquo;est dit pr\u00eat \u00e0 \u00abdiscuter avec le Hirak et a d\u00e9clar\u00e9 vouloir amender la Constitution\u00bb. Selon lui, le nouveau texte \u00abr\u00e9duira les pouvoirs du pr\u00e9sident de la R\u00e9publique, prot\u00e9gera le pays contre le pouvoir d&rsquo;un seul et garantira la s\u00e9paration et l&rsquo;\u00e9quilibre des pouvoirs\u2026\u00bb.<\/p>\n<p class=\"rtejustify\">Pour les manifestants, les promesses de Tebboune \u00absont bien en de\u00e7\u00e0 de ses revendications\u00bb. Ils r\u00e9clament notamment une Constitution totalement nouvelle. Il refuse aussi que le \u00absyst\u00e8me\u00bb se charge lui-m\u00eame de se r\u00e9former et exige que la t\u00e2che \u00e9choie \u00e0 des institutions de transition.<\/p>\n<p class=\"rtejustify\"><em>F. Z. T. avec agences<\/em><\/p>\n<\/div>\n<p>Auteur: hlafriqi<br \/>\n<a href=\"https:\/\/www.leconomiste.com\/article\/1054978-l-algerie-fait-encore-parler-d-elle\">Cliquez ici pour lire l&rsquo;article depuis sa source.<\/a><\/p>\n","protected":false},"excerpt":{"rendered":"<p>D\u00e9c\u00e8s du g\u00e9n\u00e9ral Ahmed Ga\u00efd Salah, Sa\u00efd Chengriha assure l\u2019int\u00e9rim A quelques jours de l\u2019investiture du nouveau pr\u00e9sident Une nouvelle \u00e9preuve pour le pays. Quatre jours \u00e0 peine apr\u00e8s l&rsquo;investiture du nouveau pr\u00e9sident Abdelmadjid Tebboune, le chef d&rsquo;\u00e9tat-major de l&rsquo;arm\u00e9e, le g\u00e9n\u00e9ral Ahmed Ga\u00efd Salah, est d\u00e9c\u00e9d\u00e9 hier lundi d&rsquo;une crise cardiaque. C\u2019est lui qui [&hellip;]<\/p>\n","protected":false},"author":1763,"featured_media":71224,"comment_status":"closed","ping_status":"closed","sticky":false,"template":"","format":"standard","meta":{"fifu_image_url":"","fifu_image_alt":"","footnotes":""},"categories":[78,54],"tags":[],"class_list":["post-71223","post","type-post","status-publish","format-standard","has-post-thumbnail","hentry","category-economie","category-maroc"],"_links":{"self":[{"href":"https:\/\/linitiative.ca\/International\/wp-json\/wp\/v2\/posts\/71223","targetHints":{"allow":["GET"]}}],"collection":[{"href":"https:\/\/linitiative.ca\/International\/wp-json\/wp\/v2\/posts"}],"about":[{"href":"https:\/\/linitiative.ca\/International\/wp-json\/wp\/v2\/types\/post"}],"author":[{"embeddable":true,"href":"https:\/\/linitiative.ca\/International\/wp-json\/wp\/v2\/users\/1763"}],"replies":[{"embeddable":true,"href":"https:\/\/linitiative.ca\/International\/wp-json\/wp\/v2\/comments?post=71223"}],"version-history":[{"count":0,"href":"https:\/\/linitiative.ca\/International\/wp-json\/wp\/v2\/posts\/71223\/revisions"}],"wp:featuredmedia":[{"embeddable":true,"href":"https:\/\/linitiative.ca\/International\/wp-json\/"}],"wp:attachment":[{"href":"https:\/\/linitiative.ca\/International\/wp-json\/wp\/v2\/media?parent=71223"}],"wp:term":[{"taxonomy":"category","embeddable":true,"href":"https:\/\/linitiative.ca\/International\/wp-json\/wp\/v2\/categories?post=71223"},{"taxonomy":"post_tag","embeddable":true,"href":"https:\/\/linitiative.ca\/International\/wp-json\/wp\/v2\/tags?post=71223"}],"curies":[{"name":"wp","href":"https:\/\/api.w.org\/{rel}","templated":true}]}}