{"id":71225,"date":"2019-12-24T18:00:00","date_gmt":"2019-12-24T23:00:00","guid":{"rendered":"https:\/\/linitiative.ca\/International\/obseques-dahmed-gaid-salah\/"},"modified":"2019-12-24T18:00:00","modified_gmt":"2019-12-24T23:00:00","slug":"obseques-dahmed-gaid-salah","status":"publish","type":"post","link":"https:\/\/linitiative.ca\/International\/obseques-dahmed-gaid-salah\/","title":{"rendered":"Obs\u00e8ques d\u2019Ahmed Ga\u00efd Salah"},"content":{"rendered":"<div class=\"TxArtcile\" readability=\"19\">\n<div class=\"ImgCapt\"><img loading=\"lazy\" decoding=\"async\" width=\"208\" height=\"208\" src=\"http:\/\/www.elmoudjahid.com\/temp\/fr\/actualite2[146286].jpg\" alt=\"\" \/><span>D.R<\/span><\/div>\n<p>Les obs\u00e8ques du d\u00e9funt moudjahid g\u00e9n\u00e9ral de corps d\u2019Arm\u00e9e Ahmed Ga\u00efd Salah se d\u00e9rouleront, aujourd\u2019hui \u00e0 Alger, a indiqu\u00e9 un communiqu\u00e9 de la pr\u00e9sidence de la R\u00e9publique. \u00abLes obs\u00e8ques d\u00e9buteront au Palais du Peuple, en rendant un dernier hommage au d\u00e9funt, avant de rejoindre sa derni\u00e8re demeure au carr\u00e9 des Martyrs au cimeti\u00e8re El-Alia apr\u00e8s la pri\u00e8re du Dohr\u00bb, lit-on dans le communiqu\u00e9. \u00abIl est parmi les croyants, des hommes qui ont \u00e9t\u00e9 sinc\u00e8res dans leur engagement envers Allah. Certains d\u2019entre eux ont atteint leur fin, et d\u2019autres attendent encore, et ils n\u2019ont vari\u00e9 aucunement.\u00a0 \u00e0 Dieu nous appartenons, et \u00e0 Lui nous retournerons.\u00bb\u00a0\u00a0<\/p>\n<\/div>\n<div class=\"ModliArtilUne\">\n<ul>\n<li><strong>Publi\u00e9 dans :<\/strong><\/li>\n<\/ul>\n<\/div>\n<div class=\"MbComIns\" id=\"newcom\" readability=\"5.69402985075\">\n<h6>DONNEZ VOTRE AVIS<\/h6>\n<p>Il n&rsquo;y a actuellement aucune r\u00e9action \u00e0 cette information. Soyez le premier \u00e0 r\u00e9agir !<\/p>\n<p><a href=\"\" rel=\"#popup\" class=\"login resetbutton\">Identifiez-vous<\/a><a class=\"button\" href=\"http:\/\/www.elmoudjahid.com\/fr\/inscription\/\"><span>S&rsquo;inscrire<\/span><\/a><\/p>\n<\/div>\n<p>Auteur: elmoudjahid<br \/>\n<a href=\"http:\/\/www.elmoudjahid.com\/fr\/actualites\/146286\">Cliquez ici pour lire l&rsquo;article depuis sa source.<\/a><\/p>\n","protected":false},"excerpt":{"rendered":"<p>D.R Les obs\u00e8ques du d\u00e9funt moudjahid g\u00e9n\u00e9ral de corps d\u2019Arm\u00e9e Ahmed Ga\u00efd Salah se d\u00e9rouleront, aujourd\u2019hui \u00e0 Alger, a indiqu\u00e9 un communiqu\u00e9 de la pr\u00e9sidence de la R\u00e9publique. \u00abLes obs\u00e8ques d\u00e9buteront au Palais du Peuple, en rendant un dernier hommage au d\u00e9funt, avant de rejoindre sa derni\u00e8re demeure au carr\u00e9 des Martyrs au cimeti\u00e8re El-Alia [&hellip;]<\/p>\n","protected":false},"author":1744,"featured_media":71226,"comment_status":"closed","ping_status":"closed","sticky":false,"template":"","format":"standard","meta":{"fifu_image_url":"","fifu_image_alt":"","footnotes":""},"categories":[73,53],"tags":[],"class_list":["post-71225","post","type-post","status-publish","format-standard","has-post-thumbnail","hentry","category-actualite","category-algerie"],"_links":{"self":[{"href":"https:\/\/linitiative.ca\/International\/wp-json\/wp\/v2\/posts\/71225","targetHints":{"allow":["GET"]}}],"collection":[{"href":"https:\/\/linitiative.ca\/International\/wp-json\/wp\/v2\/posts"}],"about":[{"href":"https:\/\/linitiative.ca\/International\/wp-json\/wp\/v2\/types\/post"}],"author":[{"embeddable":true,"href":"https:\/\/linitiative.ca\/International\/wp-json\/wp\/v2\/users\/1744"}],"replies":[{"embeddable":true,"href":"https:\/\/linitiative.ca\/International\/wp-json\/wp\/v2\/comments?post=71225"}],"version-history":[{"count":0,"href":"https:\/\/linitiative.ca\/International\/wp-json\/wp\/v2\/posts\/71225\/revisions"}],"wp:featuredmedia":[{"embeddable":true,"href":"https:\/\/linitiative.ca\/International\/wp-json\/"}],"wp:attachment":[{"href":"https:\/\/linitiative.ca\/International\/wp-json\/wp\/v2\/media?parent=71225"}],"wp:term":[{"taxonomy":"category","embeddable":true,"href":"https:\/\/linitiative.ca\/International\/wp-json\/wp\/v2\/categories?post=71225"},{"taxonomy":"post_tag","embeddable":true,"href":"https:\/\/linitiative.ca\/International\/wp-json\/wp\/v2\/tags?post=71225"}],"curies":[{"name":"wp","href":"https:\/\/api.w.org\/{rel}","templated":true}]}}