{"id":71229,"date":"2019-12-25T07:30:00","date_gmt":"2019-12-25T12:30:00","guid":{"rendered":"https:\/\/linitiative.ca\/International\/gaid-salah-inhume-au-carre-des-martyrs-au-cimetiere-del-alia-actualise\/"},"modified":"2019-12-25T07:30:00","modified_gmt":"2019-12-25T12:30:00","slug":"gaid-salah-inhume-au-carre-des-martyrs-au-cimetiere-del-alia-actualise","status":"publish","type":"post","link":"https:\/\/linitiative.ca\/International\/gaid-salah-inhume-au-carre-des-martyrs-au-cimetiere-del-alia-actualise\/","title":{"rendered":"Ga\u00efd Salah inhum\u00e9 au carr\u00e9 des Martyrs au cimeti\u00e8re d&rsquo;El Alia (actualis\u00e9)"},"content":{"rendered":"<p>Le pr\u00e9sident de la R\u00e9publique, Abdelmadjid Tebboune, est arriv\u00e9 mercredi en fin de matin\u00e9e au cimeti\u00e8re\u00a0d&rsquo;El Alia \u00e0 Alger pour assister aux fun\u00e9railles du g\u00e9n\u00e9ral de Corps d\u2019arm\u00e9e Ahmed Ga\u00efd Salah qui sera inhum\u00e9 au carr\u00e9 des martyrs apr\u00e8s la pri\u00e8re du Dohr. Peu auparavant, le cort\u00e8ge fun\u00e8bre s&rsquo;\u00e9tait \u00e9branl\u00e9 du Palais du peuple. Drap\u00e9e de l&#8217;embl\u00e8me national et entour\u00e9e de gerbes de fleurs, la d\u00e9pouille de Ga\u00efd Salah est transport\u00e9e sur un v\u00e9hicule militaire.<\/p>\n<p>De hauts responsables de l&rsquo;Etat et de l&rsquo;Arm\u00e9e, \u00e0 leur t\u00eate le pr\u00e9sident de la R\u00e9publique, Abdelmadjid Tebboune, et le chef d&rsquo;Etat-major de l&rsquo;ANP par int\u00e9rim, le g\u00e9n\u00e9ral-major Sa\u00efd Chanegriha, ainsi que de simples citoyens ont rendu un dernier hommage au regrett\u00e9 Ga\u00efd Salah et pr\u00e9sent\u00e9 leurs \u00a0condol\u00e9ances aux membres de la famille du d\u00e9funt.(APS)<\/p>\n<p>Auteur: elmoudjahid<br \/>\n<a href=\"http:\/\/www.elmoudjahid.com\/fr\/actualites\/146290\">Cliquez ici pour lire l&rsquo;article depuis sa source.<\/a><\/p>\n","protected":false},"excerpt":{"rendered":"<p>Le pr\u00e9sident de la R\u00e9publique, Abdelmadjid Tebboune, est arriv\u00e9 mercredi en fin de matin\u00e9e au cimeti\u00e8re\u00a0d&rsquo;El Alia \u00e0 Alger pour assister aux fun\u00e9railles du g\u00e9n\u00e9ral de Corps d\u2019arm\u00e9e Ahmed Ga\u00efd Salah qui sera inhum\u00e9 au carr\u00e9 des martyrs apr\u00e8s la pri\u00e8re du Dohr. Peu auparavant, le cort\u00e8ge fun\u00e8bre s&rsquo;\u00e9tait \u00e9branl\u00e9 du Palais du peuple. Drap\u00e9e [&hellip;]<\/p>\n","protected":false},"author":1744,"featured_media":0,"comment_status":"closed","ping_status":"closed","sticky":false,"template":"","format":"standard","meta":{"fifu_image_url":"","fifu_image_alt":"","footnotes":""},"categories":[73,53],"tags":[],"class_list":["post-71229","post","type-post","status-publish","format-standard","hentry","category-actualite","category-algerie"],"_links":{"self":[{"href":"https:\/\/linitiative.ca\/International\/wp-json\/wp\/v2\/posts\/71229","targetHints":{"allow":["GET"]}}],"collection":[{"href":"https:\/\/linitiative.ca\/International\/wp-json\/wp\/v2\/posts"}],"about":[{"href":"https:\/\/linitiative.ca\/International\/wp-json\/wp\/v2\/types\/post"}],"author":[{"embeddable":true,"href":"https:\/\/linitiative.ca\/International\/wp-json\/wp\/v2\/users\/1744"}],"replies":[{"embeddable":true,"href":"https:\/\/linitiative.ca\/International\/wp-json\/wp\/v2\/comments?post=71229"}],"version-history":[{"count":0,"href":"https:\/\/linitiative.ca\/International\/wp-json\/wp\/v2\/posts\/71229\/revisions"}],"wp:attachment":[{"href":"https:\/\/linitiative.ca\/International\/wp-json\/wp\/v2\/media?parent=71229"}],"wp:term":[{"taxonomy":"category","embeddable":true,"href":"https:\/\/linitiative.ca\/International\/wp-json\/wp\/v2\/categories?post=71229"},{"taxonomy":"post_tag","embeddable":true,"href":"https:\/\/linitiative.ca\/International\/wp-json\/wp\/v2\/tags?post=71229"}],"curies":[{"name":"wp","href":"https:\/\/api.w.org\/{rel}","templated":true}]}}