{"id":71230,"date":"2019-12-25T07:10:00","date_gmt":"2019-12-25T12:10:00","guid":{"rendered":"https:\/\/linitiative.ca\/International\/gaid-salah-un-dernier-hommage-au-palais-du-peuple\/"},"modified":"2019-12-25T07:10:00","modified_gmt":"2019-12-25T12:10:00","slug":"gaid-salah-un-dernier-hommage-au-palais-du-peuple","status":"publish","type":"post","link":"https:\/\/linitiative.ca\/International\/gaid-salah-un-dernier-hommage-au-palais-du-peuple\/","title":{"rendered":"Gaid Salah : Un dernier hommage au Palais du peuple"},"content":{"rendered":"<p>Le cercueil du d\u00e9funt recouvert de l\u2019embl\u00e8me national, est arriv\u00e9 \u00e0 7h 30mn \u00a0pour \u00eatre expos\u00e9 dans une salle du Palais du peuple.<\/p>\n<p>De hauts responsables de l\u2019Etat, des membres des corps constitu\u00e9s, citoyens de tous \u00e2ges, des moudjahidine, des personnalit\u00e9s politiques se sont d\u00e9plac\u00e9s, t\u00f4t le matin , au Palais du peuple pour rendre un dernier hommage<\/p>\n<p>Le pr\u00e9sident de la R\u00e9publique, Abdelmadjid Tebboune a \u00e9t\u00e9 le premier \u00e0 venir se recueillir devant le cercueil expos\u00e9 dans la grande salle du Palais. Il a pr\u00e9sent\u00e9 ses condol\u00e9ances aux membres de sa famille notamment ses quatre fils .<\/p>\n<p>Par la suite, c\u2019est un ballet de haut responsables de l\u2019arm\u00e9e, de membres du gouvernement et d\u2019hommes politiques venus chacun son tour se recueillir devant le d\u00e9funt. On citera notamment le Premier ministre par interim, Boukadoum, , le pr\u00e9sident de l\u2019APN Slimane Chenine, le pr\u00e9sident du S\u00e9nat par int\u00e9rim,Goudjil \u00a0le pr\u00e9sident du Conseil constitutionnel , le pr\u00e9sident de l\u2019ANIE\u00a0 et le staff gouvernemental .<\/p>\n<p>Neila Benrahal \/ R\u00e9daction Web\u00a0<\/p>\n<p>Le cercueil du d\u00e9funt recouvert de l\u2019embl\u00e8me national, est arriv\u00e9 \u00e0 7h 30mn \u00a0pour \u00eatre expos\u00e9 dans une salle du Palais du peuple.<\/p>\n<p>De hauts responsables de l\u2019Etat, des membres des corps constitu\u00e9s, citoyens de tous \u00e2ges, des moudjahidine, des personnalit\u00e9s politiques se sont d\u00e9plac\u00e9s, t\u00f4t le matin , au Palais du peuple pour rendre un dernier hommage<\/p>\n<p>Le pr\u00e9sident de la R\u00e9publique, Abdelmadjid Tebboune a \u00e9t\u00e9 le premier \u00e0 venir se recueillir devant le cercueil expos\u00e9 dans la grande salle du Palais. Il a pr\u00e9sent\u00e9 ses condol\u00e9ances aux membres de sa famille notamment ses quatre fils .<\/p>\n<p>Par la suite, c\u2019est un ballet de haut responsables de l\u2019arm\u00e9e, de membres du gouvernement et d\u2019hommes politiques venus chacun son tour se recueillir devant le d\u00e9funt. On citera notamment le Premier ministre par interim, Boukadoum, , le pr\u00e9sident de l\u2019APN Slimane Chenine, le pr\u00e9sident du S\u00e9nat par int\u00e9rim,Goudjil \u00a0le pr\u00e9sident du Conseil constitutionnel , le pr\u00e9sident de l\u2019ANIE\u00a0 et le staff gouvernemental .<\/p>\n<p>Neila Benrahal \/ R\u00e9daction Web\u00a0<\/p>\n<p>Le cercueil du d\u00e9funt recouvert de l\u2019embl\u00e8me national, est arriv\u00e9 \u00e0 7h 30mn \u00a0pour \u00eatre expos\u00e9 dans une salle du Palais du peuple.<\/p>\n<p>De hauts responsables de l\u2019Etat, des membres des corps constitu\u00e9s, citoyens de tous \u00e2ges, des moudjahidine, des personnalit\u00e9s politiques se sont d\u00e9plac\u00e9s, t\u00f4t le matin , au Palais du peuple pour rendre un dernier hommage<\/p>\n<p>Le pr\u00e9sident de la R\u00e9publique, Abdelmadjid Tebboune a \u00e9t\u00e9 le premier \u00e0 venir se recueillir devant le cercueil expos\u00e9 dans la grande salle du Palais. Il a pr\u00e9sent\u00e9 ses condol\u00e9ances aux membres de sa famille notamment ses quatre fils .<\/p>\n<p>Par la suite, c\u2019est un ballet de haut responsables de l\u2019arm\u00e9e, de membres du gouvernement et d\u2019hommes politiques venus chacun son tour se recueillir devant le d\u00e9funt. On citera notamment le Premier ministre par interim, Boukadoum, , le pr\u00e9sident de l\u2019APN Slimane Chenine, le pr\u00e9sident du S\u00e9nat par int\u00e9rim,Goudjil \u00a0le pr\u00e9sident du Conseil constitutionnel , le pr\u00e9sident de l\u2019ANIE\u00a0 et le staff gouvernemental .<\/p>\n<p>Neila Benrahal \/ R\u00e9daction Web\u00a0<\/p>\n<p>Le cercueil du d\u00e9funt recouvert de l\u2019embl\u00e8me national, est arriv\u00e9 \u00e0 7h 30mn \u00a0pour \u00eatre expos\u00e9 dans une salle du Palais du peuple.<\/p>\n<p>De hauts responsables de l\u2019Etat, des membres des corps constitu\u00e9s, citoyens de tous \u00e2ges, des moudjahidine, des personnalit\u00e9s politiques se sont d\u00e9plac\u00e9s, t\u00f4t le matin , au Palais du peuple pour rendre un dernier hommage<\/p>\n<p>Le pr\u00e9sident de la R\u00e9publique, Abdelmadjid Tebboune a \u00e9t\u00e9 le premier \u00e0 venir se recueillir devant le cercueil expos\u00e9 dans la grande salle du Palais. Il a pr\u00e9sent\u00e9 ses condol\u00e9ances aux membres de sa famille notamment ses quatre fils .<\/p>\n<p>Par la suite, c\u2019est un ballet de haut responsables de l\u2019arm\u00e9e, de membres du gouvernement et d\u2019hommes politiques venus chacun son tour se recueillir devant le d\u00e9funt. On citera notamment le Premier ministre par interim, Boukadoum, , le pr\u00e9sident de l\u2019APN Slimane Chenine, le pr\u00e9sident du S\u00e9nat par int\u00e9rim,Goudjil \u00a0le pr\u00e9sident du Conseil constitutionnel , le pr\u00e9sident de l\u2019ANIE\u00a0 et le staff gouvernemental .<\/p>\n<p>Neila Benrahal \/ R\u00e9daction Web\u00a0<\/p>\n<p>Auteur: elmoudjahid<br \/>\n<a href=\"http:\/\/www.elmoudjahid.com\/fr\/actualites\/146291\">Cliquez ici pour lire l&rsquo;article depuis sa source.<\/a><\/p>\n","protected":false},"excerpt":{"rendered":"<p>Le cercueil du d\u00e9funt recouvert de l\u2019embl\u00e8me national, est arriv\u00e9 \u00e0 7h 30mn \u00a0pour \u00eatre expos\u00e9 dans une salle du Palais du peuple. De hauts responsables de l\u2019Etat, des membres des corps constitu\u00e9s, citoyens de tous \u00e2ges, des moudjahidine, des personnalit\u00e9s politiques se sont d\u00e9plac\u00e9s, t\u00f4t le matin , au Palais du peuple pour rendre [&hellip;]<\/p>\n","protected":false},"author":1744,"featured_media":0,"comment_status":"closed","ping_status":"closed","sticky":false,"template":"","format":"standard","meta":{"fifu_image_url":"","fifu_image_alt":"","footnotes":""},"categories":[73,53],"tags":[],"class_list":["post-71230","post","type-post","status-publish","format-standard","hentry","category-actualite","category-algerie"],"_links":{"self":[{"href":"https:\/\/linitiative.ca\/International\/wp-json\/wp\/v2\/posts\/71230","targetHints":{"allow":["GET"]}}],"collection":[{"href":"https:\/\/linitiative.ca\/International\/wp-json\/wp\/v2\/posts"}],"about":[{"href":"https:\/\/linitiative.ca\/International\/wp-json\/wp\/v2\/types\/post"}],"author":[{"embeddable":true,"href":"https:\/\/linitiative.ca\/International\/wp-json\/wp\/v2\/users\/1744"}],"replies":[{"embeddable":true,"href":"https:\/\/linitiative.ca\/International\/wp-json\/wp\/v2\/comments?post=71230"}],"version-history":[{"count":0,"href":"https:\/\/linitiative.ca\/International\/wp-json\/wp\/v2\/posts\/71230\/revisions"}],"wp:attachment":[{"href":"https:\/\/linitiative.ca\/International\/wp-json\/wp\/v2\/media?parent=71230"}],"wp:term":[{"taxonomy":"category","embeddable":true,"href":"https:\/\/linitiative.ca\/International\/wp-json\/wp\/v2\/categories?post=71230"},{"taxonomy":"post_tag","embeddable":true,"href":"https:\/\/linitiative.ca\/International\/wp-json\/wp\/v2\/tags?post=71230"}],"curies":[{"name":"wp","href":"https:\/\/api.w.org\/{rel}","templated":true}]}}