{"id":71231,"date":"2019-12-25T15:15:16","date_gmt":"2019-12-25T20:15:16","guid":{"rendered":"https:\/\/linitiative.ca\/International\/ligue-1-2-mca-badou-zaki-ne-viendra-pas\/"},"modified":"2019-12-25T15:15:16","modified_gmt":"2019-12-25T20:15:16","slug":"ligue-1-2-mca-badou-zaki-ne-viendra-pas","status":"publish","type":"post","link":"https:\/\/linitiative.ca\/International\/ligue-1-2-mca-badou-zaki-ne-viendra-pas\/","title":{"rendered":"Ligue 1 &amp; 2 : MCA : Badou Zaki ne viendra pas !"},"content":{"rendered":"<div readability=\"32\">\n<p>Auteur : <span>Kamel M.<\/span> <span class=\"time\">mercredi 25 d\u00e9cembre 2019 09:08<\/span><\/p>\n<\/div>\n<div id=\"post_core\" readability=\"82\">\n<p>Depuis que le Mouloudia a d\u00e9cid\u00e9 de se s\u00e9parer des services de Bernard Casoni, plusieurs noms ont circul\u00e9 pour la succession du technicien fran\u00e7ais \u00e0 la t\u00eate de la barre technique. Parmi ceux qui reviennent le plus dans l\u2019entourage du club, on trouve les deux Marocains, Badou Zaki et Rachid Taoussi, lorsque l\u2019on sait que la direction du Doyen n\u2019\u00e9tait pas chaude pour s\u2019offrir les services d\u2019un entraineur du vieux continent, en accordant la priorit\u00e9 aux techniciens qui connaissent le championnat, sans pour autant \u00e9carter la piste des coachs locaux. Bien que les pensionnaires d\u2019El Achour ne voulaient pas se pr\u00e9cipiter afin de faire le bon choix, il \u00e9tait question de nommer un nouvel entraineur apr\u00e8s le match du CSC, toutefois on se montre actuellement ind\u00e9cis dans la maison du Doyen, apr\u00e8s que l\u2019\u00e9quipe ait r\u00e9ussi l\u2019exploit \u00e0 Constantine o\u00f9 rares ceux qui donnaient cher de la peau des co\u00e9quipiers de Bendebka. Actuellement, et ce qui est certain, Badou Zaki ne viendra pas au Mouloudia, puisqu\u2019il vient d\u2019\u00eatre nomm\u00e9 \u00e0 la t\u00eate de la DTN du football marocain et cela apr\u00e8s avoir trouv\u00e9 un accord\u00a0 pour une s\u00e9paration \u00e0 l\u2019amiable avec la formation d\u2019El Jadida.<\/p>\n<p><strong>Il avait laiss\u00e9 la porte ouverte aux n\u00e9gociations<\/strong><br \/>A en croire une source digne de foi,\u00a0 Badou Zaki a \u00e9t\u00e9 bel et bien contact\u00e9 par les responsables du Mouloudia afin de prendre le club en main, en figurant dans la short-list \u00e9tablie. Malgr\u00e9 le fait qu\u2019il \u00e9tait en poste avec la formation d\u2019El Jadida,\u00a0 ambitieux, Badou Zaki voulait d\u00e9j\u00e0 changer d\u2019air pour prendre un grand club, laissant ainsi la porte ouverte aux n\u00e9gociations apr\u00e8s avoir discut\u00e9 avec les responsables du MCA. Autrement, ce dernier \u00e9tait pr\u00eat \u00e0 venir, d\u2019autant plus que son salaire est loin d\u2019atteindre ce que percevait Bernard Casoni, dont la mensualit\u00e9 est de l\u2019ordre de 22500 Euros.<\/p>\n<p><strong>Le MCA temporisait, Badou Zaki r\u00e9pond \u00e0 l\u2019offre de FRMF<\/strong><br \/>Tout en laissant la porte ouverte aux n\u00e9gociations, Badou Zaki a \u00e9t\u00e9 sollicit\u00e9 par la F\u00e9d\u00e9ration royale marocaine de football qui voulait s\u2019offrir ses services, mais il avait demand\u00e9 un temps de r\u00e9flexion, car l\u2019id\u00e9e de prendre en main une grande \u00e9quipe comme le MCA faisait partie de ses ambitions, du fait qu\u2019il est un homme de terrain. Seulement, et apr\u00e8s que le MCA ait temporis\u00e9, Badou Zaki ne pouvait \u00e0 son tour d\u00e9cliner les offres qu\u2019il a re\u00e7ues, finissant ainsi par r\u00e9pondre favorablement \u00e0 la FRMF. Ainsi, la page de Badou Zaki\u00a0 tourn\u00e9e, reste \u00e0 savoir maintenant si le MCA \u00e0 d\u2019autres noms sur son calepin, \u00e0 l\u2019image de Rachid Taoussi, car, si \u00e0 l\u2019avenir, les r\u00e9sultats ne plaident pas en faveur de Mekhazni, il est certain que la direction du club engagera un nouveau coach pour terminer la saison.<\/p>\n<p><strong>Publi\u00e9 dans :<\/strong> <span>mca<\/span> <span>Badou Zaki<\/span> <span>Mekhazni<\/span><\/p>\n<\/div>\n<p>Auteur:<br \/>\n<a href=\"http:\/\/www.lebuteur.com\/article\/detail?titre=mca-badou-zaki-ne-viendra-pas&#038;id=93800&#038;utm_source=feedburner&#038;utm_medium=feed&#038;utm_campaign=Feed%3A+GalerieFArtciles+%28Les+derniers+articles++-+lebuteur.com%29\">Cliquez ici pour lire l&rsquo;article depuis sa source.<\/a><\/p>\n","protected":false},"excerpt":{"rendered":"<p>Auteur : Kamel M. mercredi 25 d\u00e9cembre 2019 09:08 Depuis que le Mouloudia a d\u00e9cid\u00e9 de se s\u00e9parer des services de Bernard Casoni, plusieurs noms ont circul\u00e9 pour la succession du technicien fran\u00e7ais \u00e0 la t\u00eate de la barre technique. Parmi ceux qui reviennent le plus dans l\u2019entourage du club, on trouve les deux Marocains, [&hellip;]<\/p>\n","protected":false},"author":1738,"featured_media":71232,"comment_status":"closed","ping_status":"closed","sticky":false,"template":"","format":"standard","meta":{"fifu_image_url":"","fifu_image_alt":"","footnotes":""},"categories":[53,75],"tags":[],"class_list":["post-71231","post","type-post","status-publish","format-standard","has-post-thumbnail","hentry","category-algerie","category-sport"],"_links":{"self":[{"href":"https:\/\/linitiative.ca\/International\/wp-json\/wp\/v2\/posts\/71231","targetHints":{"allow":["GET"]}}],"collection":[{"href":"https:\/\/linitiative.ca\/International\/wp-json\/wp\/v2\/posts"}],"about":[{"href":"https:\/\/linitiative.ca\/International\/wp-json\/wp\/v2\/types\/post"}],"author":[{"embeddable":true,"href":"https:\/\/linitiative.ca\/International\/wp-json\/wp\/v2\/users\/1738"}],"replies":[{"embeddable":true,"href":"https:\/\/linitiative.ca\/International\/wp-json\/wp\/v2\/comments?post=71231"}],"version-history":[{"count":0,"href":"https:\/\/linitiative.ca\/International\/wp-json\/wp\/v2\/posts\/71231\/revisions"}],"wp:featuredmedia":[{"embeddable":true,"href":"https:\/\/linitiative.ca\/International\/wp-json\/"}],"wp:attachment":[{"href":"https:\/\/linitiative.ca\/International\/wp-json\/wp\/v2\/media?parent=71231"}],"wp:term":[{"taxonomy":"category","embeddable":true,"href":"https:\/\/linitiative.ca\/International\/wp-json\/wp\/v2\/categories?post=71231"},{"taxonomy":"post_tag","embeddable":true,"href":"https:\/\/linitiative.ca\/International\/wp-json\/wp\/v2\/tags?post=71231"}],"curies":[{"name":"wp","href":"https:\/\/api.w.org\/{rel}","templated":true}]}}