{"id":71239,"date":"2019-12-25T15:15:22","date_gmt":"2019-12-25T20:15:22","guid":{"rendered":"https:\/\/linitiative.ca\/International\/pros-ce-cadeau-que-delort-veut-offrir-a-neymar\/"},"modified":"2019-12-25T15:15:22","modified_gmt":"2019-12-25T20:15:22","slug":"pros-ce-cadeau-que-delort-veut-offrir-a-neymar","status":"publish","type":"post","link":"https:\/\/linitiative.ca\/International\/pros-ce-cadeau-que-delort-veut-offrir-a-neymar\/","title":{"rendered":"Pros : Ce cadeau que Delort veut offrir \u00e0 Neymar"},"content":{"rendered":"<div readability=\"32\">\n<p>Auteur : <span class=\"time\">mercredi 25 d\u00e9cembre 2019 19:47<\/span><\/p>\n<\/div>\n<div id=\"post_core\" readability=\"52\">\n<p>Interrog\u00e9 par France Football, Andy Delort a r\u00e9v\u00e9l\u00e9 le cadeau qu\u2019il souhaiterait offrir \u00e0 Neymar pour No\u00ebl\u00a0:<\/p>\n<p>\u00ab\u00a0Il a assez d&rsquo;argent, il n&rsquo;a pas besoin de moi (Il sourit.). Bon, si, allez, je lui ach\u00e8terais le livre \u00ab\u00a0Le respect pour les nuls\u00a0\u00bb en le charriant. \u00c7a a fait un buzz cette histoire ! Mais, maintenant, c&rsquo;est fini, il n&rsquo;y avait rien de m\u00e9chant\u00a0\u00bb. Des propos relay\u00e9s par Sport24.<\/p>\n<p>Pour rappel, les deux hommes s\u2019\u00e9taient accroch\u00e9s \u00e0 l\u2019issue de la rencontre entre Montpellier et le PSG (1-3), le 7 d\u00e9cembre dernier. Le joueur du MHSC avait notamment qualifi\u00e9 Neymar de \u00ab\u00a0hautain\u00a0\u00bb, expliquant qu\u2019il ne devait pas avoir eu la \u00ab\u00a0m\u00eame \u00e9ducation\u00a0\u00bb que lui.<\/p>\n<p><strong>Publi\u00e9 dans :<\/strong> <span>Delort<\/span><\/p>\n<\/div>\n<p>Auteur:<br \/>\n<a href=\"http:\/\/www.lebuteur.com\/article\/detail?titre=ce-cadeau-que-delort-veut-offrir-a-neymar&#038;id=93818&#038;utm_source=feedburner&#038;utm_medium=feed&#038;utm_campaign=Feed%3A+GalerieFArtciles+%28Les+derniers+articles++-+lebuteur.com%29\">Cliquez ici pour lire l&rsquo;article depuis sa source.<\/a><\/p>\n","protected":false},"excerpt":{"rendered":"<p>Auteur : mercredi 25 d\u00e9cembre 2019 19:47 Interrog\u00e9 par France Football, Andy Delort a r\u00e9v\u00e9l\u00e9 le cadeau qu\u2019il souhaiterait offrir \u00e0 Neymar pour No\u00ebl\u00a0: \u00ab\u00a0Il a assez d&rsquo;argent, il n&rsquo;a pas besoin de moi (Il sourit.). Bon, si, allez, je lui ach\u00e8terais le livre \u00ab\u00a0Le respect pour les nuls\u00a0\u00bb en le charriant. \u00c7a a fait [&hellip;]<\/p>\n","protected":false},"author":1738,"featured_media":71240,"comment_status":"closed","ping_status":"closed","sticky":false,"template":"","format":"standard","meta":{"fifu_image_url":"","fifu_image_alt":"","footnotes":""},"categories":[53,75],"tags":[],"class_list":["post-71239","post","type-post","status-publish","format-standard","has-post-thumbnail","hentry","category-algerie","category-sport"],"_links":{"self":[{"href":"https:\/\/linitiative.ca\/International\/wp-json\/wp\/v2\/posts\/71239","targetHints":{"allow":["GET"]}}],"collection":[{"href":"https:\/\/linitiative.ca\/International\/wp-json\/wp\/v2\/posts"}],"about":[{"href":"https:\/\/linitiative.ca\/International\/wp-json\/wp\/v2\/types\/post"}],"author":[{"embeddable":true,"href":"https:\/\/linitiative.ca\/International\/wp-json\/wp\/v2\/users\/1738"}],"replies":[{"embeddable":true,"href":"https:\/\/linitiative.ca\/International\/wp-json\/wp\/v2\/comments?post=71239"}],"version-history":[{"count":0,"href":"https:\/\/linitiative.ca\/International\/wp-json\/wp\/v2\/posts\/71239\/revisions"}],"wp:featuredmedia":[{"embeddable":true,"href":"https:\/\/linitiative.ca\/International\/wp-json\/"}],"wp:attachment":[{"href":"https:\/\/linitiative.ca\/International\/wp-json\/wp\/v2\/media?parent=71239"}],"wp:term":[{"taxonomy":"category","embeddable":true,"href":"https:\/\/linitiative.ca\/International\/wp-json\/wp\/v2\/categories?post=71239"},{"taxonomy":"post_tag","embeddable":true,"href":"https:\/\/linitiative.ca\/International\/wp-json\/wp\/v2\/tags?post=71239"}],"curies":[{"name":"wp","href":"https:\/\/api.w.org\/{rel}","templated":true}]}}