{"id":71243,"date":"2019-12-25T11:51:00","date_gmt":"2019-12-25T16:51:00","guid":{"rendered":"https:\/\/linitiative.ca\/International\/le-directeur-de-la-securite-interieure-na-pas-ete-limoge\/"},"modified":"2019-12-25T11:51:00","modified_gmt":"2019-12-25T16:51:00","slug":"le-directeur-de-la-securite-interieure-na-pas-ete-limoge","status":"publish","type":"post","link":"https:\/\/linitiative.ca\/International\/le-directeur-de-la-securite-interieure-na-pas-ete-limoge\/","title":{"rendered":"Le directeur de la S\u00e9curit\u00e9 int\u00e9rieure n\u2019a pas \u00e9t\u00e9 limog\u00e9"},"content":{"rendered":"<p><br id=\"sep_para_1\" class=\"sep_para access\"\/><\/p>\n<div id=\"para_1\" class=\"para_34618697 resize\">\n<div class=\"photo shadow left\"><a href=\"javascript:void(0)\" rel=\"https:\/\/www.reflexiondz.net\/photo\/art\/grande\/41076475-34618697.jpg?v=1577301682&#038;ibox\" title=\"Le directeur de la S\u00e9curit\u00e9 int\u00e9rieure n\u2019a pas \u00e9t\u00e9 limog\u00e9 \"><img decoding=\"async\" class=\"responsive c9\" src=\"https:\/\/www.reflexiondz.net\/photo\/art\/grande\/41076475-34618697.jpg?v=1577301682\" alt=\"Le directeur de la S\u00e9curit\u00e9 int\u00e9rieure n\u2019a pas \u00e9t\u00e9 limog\u00e9 \" title=\"Le directeur de la S\u00e9curit\u00e9 int\u00e9rieure n\u2019a pas \u00e9t\u00e9 limog\u00e9 \"\/><img decoding=\"async\" class=\"not-responsive\" src=\"https:\/\/www.reflexiondz.net\/photo\/art\/default\/41076475-34618697.jpg?v=1577301684\" alt=\"Le directeur de la S\u00e9curit\u00e9 int\u00e9rieure n\u2019a pas \u00e9t\u00e9 limog\u00e9 \" title=\"Le directeur de la S\u00e9curit\u00e9 int\u00e9rieure n\u2019a pas \u00e9t\u00e9 limog\u00e9 \"\/><\/a><\/div>\n<div class=\"texte access firstletter\">L\u2019information, qui fait suite \u00e0 une rumeur diffus\u00e9e il y a quelques jours sur le limogeage pr\u00e9sum\u00e9 du patron du renseignement int\u00e9rieur, s\u2019est r\u00e9pandue telle une tra\u00een\u00e9e de poudre, dop\u00e9e par les analyses farfelues de certaines, tristement c\u00e9l\u00e8bres, vedettes du web. Mais l\u2019apparition du\u00a0 directeur de la S\u00e9curit\u00e9 int\u00e9rieure (DSI), le G\u00e9n\u00e9ral Wassini Bouazza, au Palais du Peuple pour rendre un dernier hommage au d\u00e9funt g\u00e9n\u00e9ral de Corps d\u2019Arm\u00e9e Ahmed Ga\u00efd Salah a mis fin \u00e0 une s\u00e9rie de rumeurs le ciblant. Le g\u00e9n\u00e9ral Wassini Bouazza a ainsi rendu hommage au d\u00e9funt, en se pr\u00e9sentant en compagnie du G\u00e9n\u00e9ral-major Meftah Souab, Commandant de la 2e R\u00e9gion militaire.<\/div>\n<\/div>\n<p>Auteur: R\u00e9flexion<br \/>\n<a href=\"https:\/\/www.reflexiondz.net\/Le-directeur-de-la-Securite-interieure-n-a-pas-ete-limoge_a59634.html\">Cliquez ici pour lire l&rsquo;article depuis sa source.<\/a><\/p>\n","protected":false},"excerpt":{"rendered":"<p>L\u2019information, qui fait suite \u00e0 une rumeur diffus\u00e9e il y a quelques jours sur le limogeage pr\u00e9sum\u00e9 du patron du renseignement int\u00e9rieur, s\u2019est r\u00e9pandue telle une tra\u00een\u00e9e de poudre, dop\u00e9e par les analyses farfelues de certaines, tristement c\u00e9l\u00e8bres, vedettes du web. Mais l\u2019apparition du\u00a0 directeur de la S\u00e9curit\u00e9 int\u00e9rieure (DSI), le G\u00e9n\u00e9ral Wassini Bouazza, au [&hellip;]<\/p>\n","protected":false},"author":1740,"featured_media":0,"comment_status":"closed","ping_status":"closed","sticky":false,"template":"","format":"standard","meta":{"fifu_image_url":"","fifu_image_alt":"","footnotes":""},"categories":[53,76],"tags":[],"class_list":["post-71243","post","type-post","status-publish","format-standard","hentry","category-algerie","category-regions"],"_links":{"self":[{"href":"https:\/\/linitiative.ca\/International\/wp-json\/wp\/v2\/posts\/71243","targetHints":{"allow":["GET"]}}],"collection":[{"href":"https:\/\/linitiative.ca\/International\/wp-json\/wp\/v2\/posts"}],"about":[{"href":"https:\/\/linitiative.ca\/International\/wp-json\/wp\/v2\/types\/post"}],"author":[{"embeddable":true,"href":"https:\/\/linitiative.ca\/International\/wp-json\/wp\/v2\/users\/1740"}],"replies":[{"embeddable":true,"href":"https:\/\/linitiative.ca\/International\/wp-json\/wp\/v2\/comments?post=71243"}],"version-history":[{"count":0,"href":"https:\/\/linitiative.ca\/International\/wp-json\/wp\/v2\/posts\/71243\/revisions"}],"wp:attachment":[{"href":"https:\/\/linitiative.ca\/International\/wp-json\/wp\/v2\/media?parent=71243"}],"wp:term":[{"taxonomy":"category","embeddable":true,"href":"https:\/\/linitiative.ca\/International\/wp-json\/wp\/v2\/categories?post=71243"},{"taxonomy":"post_tag","embeddable":true,"href":"https:\/\/linitiative.ca\/International\/wp-json\/wp\/v2\/tags?post=71243"}],"curies":[{"name":"wp","href":"https:\/\/api.w.org\/{rel}","templated":true}]}}