{"id":71245,"date":"2019-12-25T11:51:00","date_gmt":"2019-12-25T16:51:00","guid":{"rendered":"https:\/\/linitiative.ca\/International\/affaire-evcon-report-du-proces-dissad-rebrab\/"},"modified":"2019-12-25T11:51:00","modified_gmt":"2019-12-25T16:51:00","slug":"affaire-evcon-report-du-proces-dissad-rebrab","status":"publish","type":"post","link":"https:\/\/linitiative.ca\/International\/affaire-evcon-report-du-proces-dissad-rebrab\/","title":{"rendered":"AFFAIRE EVCON : Report du proc\u00e8s d\u2019Issad Rebrab"},"content":{"rendered":"<p><br id=\"sep_para_1\" class=\"sep_para access\"\/><\/p>\n<div id=\"para_1\" class=\"para_34618677 resize\">\n<div class=\"texte access firstletter\">Ouvert ce mercredi 25 d\u00e9cembre, le proc\u00e8s du Pr\u00e9sident Directeur g\u00e9n\u00e9ral du Groupe Cevital, Issad Rebrab, a \u00e9t\u00e9 report\u00e9 au 31 d\u00e9cembre 2019 avec refus de la lib\u00e9ration. Les avocats de la d\u00e9fense plaident pour la lib\u00e9ration provisoire d\u2019Issad Rebrab, en pr\u00e9sentant des garanties qu\u2019il restera \u00e0 la disposition de la justice. \u00ab Issad Rebrab n\u2019a pas achet\u00e9 d\u2019avion priv\u00e9 pour fuir \u00bb, plaide l\u2019un des avocats. Pour rappel, le juge d\u2019instruction pr\u00e8s le tribunal de Sidi M\u2019hamed avait plac\u00e9 en d\u00e9tention provisoire Issad Rebrab en date du 23 avril dernier.<\/div>\n<\/div>\n<p>Auteur: Ismain<br \/>\n<a href=\"https:\/\/www.reflexiondz.net\/AFFAIRE-EVCON-Report-du-proces-d-Issad-Rebrab_a59630.html\">Cliquez ici pour lire l&rsquo;article depuis sa source.<\/a><\/p>\n","protected":false},"excerpt":{"rendered":"<p>Ouvert ce mercredi 25 d\u00e9cembre, le proc\u00e8s du Pr\u00e9sident Directeur g\u00e9n\u00e9ral du Groupe Cevital, Issad Rebrab, a \u00e9t\u00e9 report\u00e9 au 31 d\u00e9cembre 2019 avec refus de la lib\u00e9ration. Les avocats de la d\u00e9fense plaident pour la lib\u00e9ration provisoire d\u2019Issad Rebrab, en pr\u00e9sentant des garanties qu\u2019il restera \u00e0 la disposition de la justice. \u00ab Issad Rebrab [&hellip;]<\/p>\n","protected":false},"author":1740,"featured_media":0,"comment_status":"closed","ping_status":"closed","sticky":false,"template":"","format":"standard","meta":{"fifu_image_url":"","fifu_image_alt":"","footnotes":""},"categories":[53,76],"tags":[],"class_list":["post-71245","post","type-post","status-publish","format-standard","hentry","category-algerie","category-regions"],"_links":{"self":[{"href":"https:\/\/linitiative.ca\/International\/wp-json\/wp\/v2\/posts\/71245","targetHints":{"allow":["GET"]}}],"collection":[{"href":"https:\/\/linitiative.ca\/International\/wp-json\/wp\/v2\/posts"}],"about":[{"href":"https:\/\/linitiative.ca\/International\/wp-json\/wp\/v2\/types\/post"}],"author":[{"embeddable":true,"href":"https:\/\/linitiative.ca\/International\/wp-json\/wp\/v2\/users\/1740"}],"replies":[{"embeddable":true,"href":"https:\/\/linitiative.ca\/International\/wp-json\/wp\/v2\/comments?post=71245"}],"version-history":[{"count":0,"href":"https:\/\/linitiative.ca\/International\/wp-json\/wp\/v2\/posts\/71245\/revisions"}],"wp:attachment":[{"href":"https:\/\/linitiative.ca\/International\/wp-json\/wp\/v2\/media?parent=71245"}],"wp:term":[{"taxonomy":"category","embeddable":true,"href":"https:\/\/linitiative.ca\/International\/wp-json\/wp\/v2\/categories?post=71245"},{"taxonomy":"post_tag","embeddable":true,"href":"https:\/\/linitiative.ca\/International\/wp-json\/wp\/v2\/tags?post=71245"}],"curies":[{"name":"wp","href":"https:\/\/api.w.org\/{rel}","templated":true}]}}