{"id":71246,"date":"2019-12-25T11:51:00","date_gmt":"2019-12-25T16:51:00","guid":{"rendered":"https:\/\/linitiative.ca\/International\/logement-plus-de-53000-logements-livres-a-blida\/"},"modified":"2019-12-25T11:51:00","modified_gmt":"2019-12-25T16:51:00","slug":"logement-plus-de-53000-logements-livres-a-blida","status":"publish","type":"post","link":"https:\/\/linitiative.ca\/International\/logement-plus-de-53000-logements-livres-a-blida\/","title":{"rendered":"LOGEMENT  : Plus de 53000 logements livr\u00e9s \u00e0 Blida"},"content":{"rendered":"<p><br id=\"sep_para_1\" class=\"sep_para access\"\/><\/p>\n<div id=\"para_1\" class=\"para_34618682 resize\">\n<div class=\"texte access firstletter\">L&rsquo;ann\u00e9e 2019 qui s&rsquo;ach\u00e8ve, la wilaya de Blida a relev\u00e9 le d\u00e9fi du parach\u00e8vement et de la livraison d\u2019un total de 53.089 logements (toutes formules confondues), en d\u00e9pit d&rsquo;un manque criard accus\u00e9 en assiettes fonci\u00e8res, selon le directeur local du secteur. \u00ab\u00a0En d\u00e9pit du manque en assiettes fonci\u00e8res accus\u00e9 par la wilaya, cette derni\u00e8re a r\u00e9ussi la gageure de parach\u00e8vement et r\u00e9ception de pas moins de 53.089 logements (toutes formules confondues), en 2019, -une premi\u00e8re \u00e0 l\u2019\u00e9chelle locale-\u00ab\u00a0, s&rsquo;est r\u00e9joui Tarek Souissi. Il a signal\u00e9 la distribution sur ce total de logements, de plus de 10.000 unit\u00e9s, durant cette m\u00eame ann\u00e9e, au moment o\u00f9 le reste des projets (de logements) achev\u00e9s et cl\u00f4tur\u00e9s, entre fin janvier et juin 2020, \u00ab\u00a0seront attribu\u00e9s, d\u00e9s le parach\u00e8vement des enqu\u00eates sociales et autres \u00e9tudes des dossiers confi\u00e9es aux commissions de da\u00efras, pour s\u2019assurer de l\u2019\u00e9ligibilit\u00e9 de leurs b\u00e9n\u00e9ficiaires\u00a0\u00bb, a expliqu\u00e9 le m\u00eame responsable. M.Souissi, qui a cit\u00e9 le d\u00e9ficit en foncier \u00e0 l\u2019origine du retard accus\u00e9 dans le lancement de nombreux programmes de logements \u00e0 Blida, s\u2019est f\u00e9licit\u00e9 de l\u2019orientation prise, par les autorit\u00e9s locales, pour contourner ce probl\u00e8me, en d\u00e9cidant \u00ab\u00a0l\u2019implantation des nouveaux programmes affect\u00e9s \u00e0 la wilaya, sur les assiettes lib\u00e9r\u00e9es suite au relogement des familles occupants des constructions pr\u00e9caires, outre l\u2019exploitation du foncier constructible sur les monts et hauteurs de la wilaya\u00a0\u00bb, a-t-il inform\u00e9. Cette \u00ab\u00a0relance du secteur\u00a0\u00bb, est \u00e9galement le r\u00e9sultat, a-t-il ajout\u00e9, de la cr\u00e9ation de nouvelles villes et p\u00f4les urbains affect\u00e9s \u00e0 la wilaya, notamment, la ville nouvelle de Bouinane, programm\u00e9e pour abriter 50.000 logements de diff\u00e9rents types, outre les p\u00f4les urbains de Meftah(10.500 logements AADL) et de Bou\u00e0rfa(4.000 logements AADL). Sachant que ces nouvelles villes et p\u00f4les urbains ont \u00e9t\u00e9 dot\u00e9s de toutes les commodit\u00e9s vitales (sanitaires, \u00e9ducatives, administratives et s\u00e9curitaires) n\u00e9cessit\u00e9es pour assurer un cadre de vie idoine \u00e0 leurs habitants, outre des routes et des p\u00f4les technologiques, industriels, commerciaux et de services, sont actuellement en r\u00e9alisation, a soulign\u00e9 M. Souissi.\u00a0\u00a0\u00a0\u00a0\u00a0\u00a0\u00a0<\/div>\n<\/div>\n<p>Auteur: Ismain<br \/>\n<a href=\"https:\/\/www.reflexiondz.net\/LOGEMENT-Plus-de-53000-logements-livres-a-Blida_a59632.html\">Cliquez ici pour lire l&rsquo;article depuis sa source.<\/a><\/p>\n","protected":false},"excerpt":{"rendered":"<p>L&rsquo;ann\u00e9e 2019 qui s&rsquo;ach\u00e8ve, la wilaya de Blida a relev\u00e9 le d\u00e9fi du parach\u00e8vement et de la livraison d\u2019un total de 53.089 logements (toutes formules confondues), en d\u00e9pit d&rsquo;un manque criard accus\u00e9 en assiettes fonci\u00e8res, selon le directeur local du secteur. \u00ab\u00a0En d\u00e9pit du manque en assiettes fonci\u00e8res accus\u00e9 par la wilaya, cette derni\u00e8re a [&hellip;]<\/p>\n","protected":false},"author":1740,"featured_media":0,"comment_status":"closed","ping_status":"closed","sticky":false,"template":"","format":"standard","meta":{"fifu_image_url":"","fifu_image_alt":"","footnotes":""},"categories":[53,76],"tags":[],"class_list":["post-71246","post","type-post","status-publish","format-standard","hentry","category-algerie","category-regions"],"_links":{"self":[{"href":"https:\/\/linitiative.ca\/International\/wp-json\/wp\/v2\/posts\/71246","targetHints":{"allow":["GET"]}}],"collection":[{"href":"https:\/\/linitiative.ca\/International\/wp-json\/wp\/v2\/posts"}],"about":[{"href":"https:\/\/linitiative.ca\/International\/wp-json\/wp\/v2\/types\/post"}],"author":[{"embeddable":true,"href":"https:\/\/linitiative.ca\/International\/wp-json\/wp\/v2\/users\/1740"}],"replies":[{"embeddable":true,"href":"https:\/\/linitiative.ca\/International\/wp-json\/wp\/v2\/comments?post=71246"}],"version-history":[{"count":0,"href":"https:\/\/linitiative.ca\/International\/wp-json\/wp\/v2\/posts\/71246\/revisions"}],"wp:attachment":[{"href":"https:\/\/linitiative.ca\/International\/wp-json\/wp\/v2\/media?parent=71246"}],"wp:term":[{"taxonomy":"category","embeddable":true,"href":"https:\/\/linitiative.ca\/International\/wp-json\/wp\/v2\/categories?post=71246"},{"taxonomy":"post_tag","embeddable":true,"href":"https:\/\/linitiative.ca\/International\/wp-json\/wp\/v2\/tags?post=71246"}],"curies":[{"name":"wp","href":"https:\/\/api.w.org\/{rel}","templated":true}]}}