{"id":71256,"date":"2019-12-25T05:00:00","date_gmt":"2019-12-25T10:00:00","guid":{"rendered":"https:\/\/linitiative.ca\/International\/numerisation-de-leclairage-public\/"},"modified":"2019-12-25T05:00:00","modified_gmt":"2019-12-25T10:00:00","slug":"numerisation-de-leclairage-public","status":"publish","type":"post","link":"https:\/\/linitiative.ca\/International\/numerisation-de-leclairage-public\/","title":{"rendered":"Num\u00e9risation de l\u2019\u00e9clairage public"},"content":{"rendered":"<p><h5 class=\"title-populaires\">Les + <span>populaires<\/span> de la semaine<\/h5>\n<\/p>\n<div class=\"first-article article-paragraph\" readability=\"11.5880149813\"><a href=\"\/periscoop\/les-cv-pleuvent-chez-tebboune-35763\"\/><\/p>\n<div class=\"image\"><img class=\"lazy\" data-original=\"\/data\/images\/article\/thumbs\/ls-les-cv-pleuvent-chez-tebboune-0ddb9.jpg\"\/><\/p>\n<p><span>1<\/span><\/p>\n<\/div>\n<p class=\"type-date\"><span>P\u00e9riscoop<\/span> 11:00 | 23-12-2019<\/p>\n<h5 class=\"first-title\"><a href=\"\/periscoop\/les-cv-pleuvent-chez-tebboune-35763\"\/><\/h5>\n<h5 class=\"title\"><a href=\"\/periscoop\/les-cv-pleuvent-chez-tebboune-35763\">Les CV pleuvent chez Tebboune<\/a><\/h5>\n<p><a href=\"\/periscoop\/les-cv-pleuvent-chez-tebboune-35763\"\/><\/p>\n<p class=\"text\">Les services de la pr\u00e9sidence de la R\u00e9publique ont demand\u00e9, d\u00e8s samedi dernier, \u00e0 de nombreux cadres de diff\u00e9rents minist\u00e8res et de diff\u00e9rentes institutions de l\u2019Etat de leur faire parvenir leurs<\/p>\n<\/div>\n<div class=\"second-article article-paragraph\" readability=\"12.003649635\"><a href=\"\/periscoop\/processus-accelere-35621\"\/><\/p>\n<div class=\"image\"><img class=\"lazy\" data-original=\"\/data\/images\/article\/thumbs\/ls-35621processus-accelere-b7379.jpg\"\/><\/p>\n<p><span>2<\/span><\/p>\n<\/div>\n<p class=\"type-date\"><span>P\u00e9riscoop<\/span> 11:00 | 21-12-2019<\/p>\n<h5 class=\"first-title\"><a href=\"\/periscoop\/processus-accelere-35621\"\/><\/h5>\n<h5 class=\"title\"><a href=\"\/periscoop\/processus-accelere-35621\">Processus acc\u00e9l\u00e9r\u00e9<\/a><\/h5>\n<p><a href=\"\/periscoop\/processus-accelere-35621\"\/><\/p>\n<p class=\"text\">Selon des indiscr\u00e9tions, le processus de lib\u00e9ration des d\u00e9tenus du Hirak va conna\u00eetre une certaine acc\u00e9l\u00e9ration durant cette semaine. Par ailleurs, des sources affirment que l\u2019homme d\u2019affaires Issad Rebrab sera<\/p>\n<\/div>\n<div class=\"others-articles\">\n<div class=\"article\" readability=\"7\"><a href=\"\/periscoop\/nominations-et-limogeages-tous-azimuts-35703\"\/><\/p>\n<div class=\"image\"><img class=\"lazy\" data-original=\"\/data\/images\/article\/thumbs\/nominations-et-limogeages-tous-azimuts-e674a.jpg\"\/><\/p>\n<p><span>3<\/span><\/p>\n<\/div>\n<div class=\"description\" readability=\"9\">\n<p class=\"type-date\"><span>P\u00e9riscoop<\/span> 11:00 | 22-12-2019<\/p>\n<p><a href=\"\/periscoop\/nominations-et-limogeages-tous-azimuts-35703\"\/><\/p>\n<p><a href=\"\/periscoop\/nominations-et-limogeages-tous-azimuts-35703\"\/><\/p>\n<p class=\"title\">Nominations et limogeages tous azimuts<\/p>\n<\/div>\n<\/div>\n<div class=\"article\" readability=\"7\"><a href=\"\/periscoop\/bedoui-decline-linvitation-de-ses-ministres-35857\"\/><\/p>\n<div class=\"image\"><img class=\"lazy\" data-original=\"\/data\/images\/article\/thumbs\/bedoui-decline-linvitation-de-ses-ministres-4dba9.jpg\"\/><\/p>\n<p><span>4<\/span><\/p>\n<\/div>\n<div class=\"description\" readability=\"9\">\n<p class=\"type-date\"><span>P\u00e9riscoop<\/span> 11:00 | 25-12-2019<\/p>\n<p><a href=\"\/periscoop\/bedoui-decline-linvitation-de-ses-ministres-35857\"\/><\/p>\n<p><a href=\"\/periscoop\/bedoui-decline-linvitation-de-ses-ministres-35857\"\/><\/p>\n<p class=\"title\">B\u00e9doui d\u00e9cline l\u2019invitation de ses ministres<\/p>\n<\/div>\n<\/div>\n<div class=\"article\" readability=\"8.5\"><a href=\"\/actualites\/lagenda-charge-de-tebboune-35735\"\/><\/p>\n<div class=\"image\"><img class=\"lazy\" data-original=\"\/data\/images\/article\/thumbs\/lagenda-charge-de-tebboune-85d73.jpg\"\/><\/p>\n<p><span>5<\/span><\/p>\n<\/div>\n<div class=\"description\" readability=\"12\">\n<p class=\"type-date\"><span>Actualit\u00e9s<\/span> 11:00 | 22-12-2019<\/p>\n<p><a href=\"\/actualites\/lagenda-charge-de-tebboune-35735\"\/><\/p>\n<p class=\"first-title\">Consultations politiques, r\u00e9vision de la constitution&#8230;<\/p>\n<p><a href=\"\/actualites\/lagenda-charge-de-tebboune-35735\"\/><\/p>\n<p class=\"title\">L\u2019agenda charg\u00e9 de Tebboune<\/p>\n<\/div>\n<\/div>\n<\/div>\n<p>Auteur:<br \/>\n<a href=\"https:\/\/www.lesoirdalgerie.com\/periscoop\/numerisation-de-leclairage-public-35859\">Cliquez ici pour lire l&rsquo;article depuis sa source.<\/a><\/p>\n","protected":false},"excerpt":{"rendered":"<p>Les + populaires de la semaine 1 P\u00e9riscoop 11:00 | 23-12-2019 Les CV pleuvent chez Tebboune Les services de la pr\u00e9sidence de la R\u00e9publique ont demand\u00e9, d\u00e8s samedi dernier, \u00e0 de nombreux cadres de diff\u00e9rents minist\u00e8res et de diff\u00e9rentes institutions de l\u2019Etat de leur faire parvenir leurs 2 P\u00e9riscoop 11:00 | 21-12-2019 Processus acc\u00e9l\u00e9r\u00e9 Selon [&hellip;]<\/p>\n","protected":false},"author":1741,"featured_media":0,"comment_status":"closed","ping_status":"closed","sticky":false,"template":"","format":"standard","meta":{"fifu_image_url":"","fifu_image_alt":"","footnotes":""},"categories":[73,53],"tags":[],"class_list":["post-71256","post","type-post","status-publish","format-standard","hentry","category-actualite","category-algerie"],"_links":{"self":[{"href":"https:\/\/linitiative.ca\/International\/wp-json\/wp\/v2\/posts\/71256","targetHints":{"allow":["GET"]}}],"collection":[{"href":"https:\/\/linitiative.ca\/International\/wp-json\/wp\/v2\/posts"}],"about":[{"href":"https:\/\/linitiative.ca\/International\/wp-json\/wp\/v2\/types\/post"}],"author":[{"embeddable":true,"href":"https:\/\/linitiative.ca\/International\/wp-json\/wp\/v2\/users\/1741"}],"replies":[{"embeddable":true,"href":"https:\/\/linitiative.ca\/International\/wp-json\/wp\/v2\/comments?post=71256"}],"version-history":[{"count":0,"href":"https:\/\/linitiative.ca\/International\/wp-json\/wp\/v2\/posts\/71256\/revisions"}],"wp:attachment":[{"href":"https:\/\/linitiative.ca\/International\/wp-json\/wp\/v2\/media?parent=71256"}],"wp:term":[{"taxonomy":"category","embeddable":true,"href":"https:\/\/linitiative.ca\/International\/wp-json\/wp\/v2\/categories?post=71256"},{"taxonomy":"post_tag","embeddable":true,"href":"https:\/\/linitiative.ca\/International\/wp-json\/wp\/v2\/tags?post=71256"}],"curies":[{"name":"wp","href":"https:\/\/api.w.org\/{rel}","templated":true}]}}