{"id":71257,"date":"2019-12-25T05:00:00","date_gmt":"2019-12-25T10:00:00","guid":{"rendered":"https:\/\/linitiative.ca\/International\/les-mesures-de-belabed\/"},"modified":"2019-12-25T05:00:00","modified_gmt":"2019-12-25T10:00:00","slug":"les-mesures-de-belabed","status":"publish","type":"post","link":"https:\/\/linitiative.ca\/International\/les-mesures-de-belabed\/","title":{"rendered":"Les mesures de Belabed"},"content":{"rendered":"<p>Le minist\u00e8re de l&rsquo;Education nationale a confi\u00e9 cette ann\u00e9e la proc\u00e9dure des inscriptions des \u00e9l\u00e8ves aux examens nationaux aux directeurs des \u00e9tablissements, en fixant la date du 10 novembre pour l&rsquo;expiration de la proc\u00e9dure. Or, certains directeurs n&rsquo;ont toujours pas accompli les inscriptions de leurs \u00e9l\u00e8ves par \u00aboubli\u00bb. Le minist\u00e8re de l&rsquo;Education a d\u00e9cid\u00e9 de prolonger les inscriptions jusqu&rsquo;au 31 d\u00e9cembre, tout en instruisant les directeurs de l&rsquo;\u00e9ducation de wilaya de prendre des mesures disciplinaires contre les directeurs d\u2019\u00e9coles ayant \u00e9t\u00e9 responsables de cette situation.<\/p>\n<p>Auteur:<br \/>\n<a href=\"https:\/\/www.lesoirdalgerie.com\/periscoop\/les-mesures-de-belabed-35858\">Cliquez ici pour lire l&rsquo;article depuis sa source.<\/a><\/p>\n","protected":false},"excerpt":{"rendered":"<p>Le minist\u00e8re de l&rsquo;Education nationale a confi\u00e9 cette ann\u00e9e la proc\u00e9dure des inscriptions des \u00e9l\u00e8ves aux examens nationaux aux directeurs des \u00e9tablissements, en fixant la date du 10 novembre pour l&rsquo;expiration de la proc\u00e9dure. Or, certains directeurs n&rsquo;ont toujours pas accompli les inscriptions de leurs \u00e9l\u00e8ves par \u00aboubli\u00bb. Le minist\u00e8re de l&rsquo;Education a d\u00e9cid\u00e9 de [&hellip;]<\/p>\n","protected":false},"author":1741,"featured_media":0,"comment_status":"closed","ping_status":"closed","sticky":false,"template":"","format":"standard","meta":{"fifu_image_url":"","fifu_image_alt":"","footnotes":""},"categories":[73,53],"tags":[],"class_list":["post-71257","post","type-post","status-publish","format-standard","hentry","category-actualite","category-algerie"],"_links":{"self":[{"href":"https:\/\/linitiative.ca\/International\/wp-json\/wp\/v2\/posts\/71257","targetHints":{"allow":["GET"]}}],"collection":[{"href":"https:\/\/linitiative.ca\/International\/wp-json\/wp\/v2\/posts"}],"about":[{"href":"https:\/\/linitiative.ca\/International\/wp-json\/wp\/v2\/types\/post"}],"author":[{"embeddable":true,"href":"https:\/\/linitiative.ca\/International\/wp-json\/wp\/v2\/users\/1741"}],"replies":[{"embeddable":true,"href":"https:\/\/linitiative.ca\/International\/wp-json\/wp\/v2\/comments?post=71257"}],"version-history":[{"count":0,"href":"https:\/\/linitiative.ca\/International\/wp-json\/wp\/v2\/posts\/71257\/revisions"}],"wp:attachment":[{"href":"https:\/\/linitiative.ca\/International\/wp-json\/wp\/v2\/media?parent=71257"}],"wp:term":[{"taxonomy":"category","embeddable":true,"href":"https:\/\/linitiative.ca\/International\/wp-json\/wp\/v2\/categories?post=71257"},{"taxonomy":"post_tag","embeddable":true,"href":"https:\/\/linitiative.ca\/International\/wp-json\/wp\/v2\/tags?post=71257"}],"curies":[{"name":"wp","href":"https:\/\/api.w.org\/{rel}","templated":true}]}}