{"id":71258,"date":"2019-12-25T05:00:00","date_gmt":"2019-12-25T10:00:00","guid":{"rendered":"https:\/\/linitiative.ca\/International\/bedoui-decline-linvitation-de-ses-ministres\/"},"modified":"2019-12-25T05:00:00","modified_gmt":"2019-12-25T10:00:00","slug":"bedoui-decline-linvitation-de-ses-ministres","status":"publish","type":"post","link":"https:\/\/linitiative.ca\/International\/bedoui-decline-linvitation-de-ses-ministres\/","title":{"rendered":"B\u00e9doui d\u00e9cline l\u2019invitation de ses ministres"},"content":{"rendered":"<p>Apr\u00e8s avoir \u00e9t\u00e9 re\u00e7u par Tebboune auquel il remettait sa d\u00e9mission jeudi dernier, le d\u00e9sormais ex-Premier ministre Noureddine B\u00e9doui a \u00e9t\u00e9 contact\u00e9 par un groupe de ministres de son gouvernement qui se sont entendus pour lui organiser une c\u00e9r\u00e9monie d\u2019adieu, nous confirme-t-on de bonne source. Invitation que B\u00e9doui a d\u00e9clin\u00e9e, affirme notre source.<\/p>\n<p>Auteur:<br \/>\n<a href=\"https:\/\/www.lesoirdalgerie.com\/periscoop\/bedoui-decline-linvitation-de-ses-ministres-35857\">Cliquez ici pour lire l&rsquo;article depuis sa source.<\/a><\/p>\n","protected":false},"excerpt":{"rendered":"<p>Apr\u00e8s avoir \u00e9t\u00e9 re\u00e7u par Tebboune auquel il remettait sa d\u00e9mission jeudi dernier, le d\u00e9sormais ex-Premier ministre Noureddine B\u00e9doui a \u00e9t\u00e9 contact\u00e9 par un groupe de ministres de son gouvernement qui se sont entendus pour lui organiser une c\u00e9r\u00e9monie d\u2019adieu, nous confirme-t-on de bonne source. Invitation que B\u00e9doui a d\u00e9clin\u00e9e, affirme notre source. Auteur: Cliquez [&hellip;]<\/p>\n","protected":false},"author":1741,"featured_media":0,"comment_status":"closed","ping_status":"closed","sticky":false,"template":"","format":"standard","meta":{"fifu_image_url":"","fifu_image_alt":"","footnotes":""},"categories":[73,53],"tags":[],"class_list":["post-71258","post","type-post","status-publish","format-standard","hentry","category-actualite","category-algerie"],"_links":{"self":[{"href":"https:\/\/linitiative.ca\/International\/wp-json\/wp\/v2\/posts\/71258","targetHints":{"allow":["GET"]}}],"collection":[{"href":"https:\/\/linitiative.ca\/International\/wp-json\/wp\/v2\/posts"}],"about":[{"href":"https:\/\/linitiative.ca\/International\/wp-json\/wp\/v2\/types\/post"}],"author":[{"embeddable":true,"href":"https:\/\/linitiative.ca\/International\/wp-json\/wp\/v2\/users\/1741"}],"replies":[{"embeddable":true,"href":"https:\/\/linitiative.ca\/International\/wp-json\/wp\/v2\/comments?post=71258"}],"version-history":[{"count":0,"href":"https:\/\/linitiative.ca\/International\/wp-json\/wp\/v2\/posts\/71258\/revisions"}],"wp:attachment":[{"href":"https:\/\/linitiative.ca\/International\/wp-json\/wp\/v2\/media?parent=71258"}],"wp:term":[{"taxonomy":"category","embeddable":true,"href":"https:\/\/linitiative.ca\/International\/wp-json\/wp\/v2\/categories?post=71258"},{"taxonomy":"post_tag","embeddable":true,"href":"https:\/\/linitiative.ca\/International\/wp-json\/wp\/v2\/tags?post=71258"}],"curies":[{"name":"wp","href":"https:\/\/api.w.org\/{rel}","templated":true}]}}