{"id":71260,"date":"2019-12-25T05:00:00","date_gmt":"2019-12-25T10:00:00","guid":{"rendered":"https:\/\/linitiative.ca\/International\/indispensable\/"},"modified":"2019-12-25T05:00:00","modified_gmt":"2019-12-25T10:00:00","slug":"indispensable","status":"publish","type":"post","link":"https:\/\/linitiative.ca\/International\/indispensable\/","title":{"rendered":"Indispensable"},"content":{"rendered":"<p>L\u2019inconv\u00e9nient de personnaliser les crises politiques est aussi son illusoire avantage. On pourrait croire que d\u00e8s que la personne qui incarne soit la crise soit sa solution dispara\u00eet, la crise ou sa solution dispara\u00eet itou. Eh bien, non ! Une crise, telle que celle que conna\u00eet notre pays, va au-del\u00e0 des personnes et a fortiori d\u2019une personne. L\u2019Alg\u00e9rie, elle, est \u00e9ternelle !<br \/>A. T.<br \/>digoutagesoir@yahoo.fr<\/p>\n<p>Auteur:<br \/>\n<a href=\"https:\/\/www.lesoirdalgerie.com\/digoutage\/indispensable-35855\">Cliquez ici pour lire l&rsquo;article depuis sa source.<\/a><\/p>\n","protected":false},"excerpt":{"rendered":"<p>L\u2019inconv\u00e9nient de personnaliser les crises politiques est aussi son illusoire avantage. On pourrait croire que d\u00e8s que la personne qui incarne soit la crise soit sa solution dispara\u00eet, la crise ou sa solution dispara\u00eet itou. Eh bien, non ! Une crise, telle que celle que conna\u00eet notre pays, va au-del\u00e0 des personnes et a fortiori [&hellip;]<\/p>\n","protected":false},"author":1741,"featured_media":0,"comment_status":"closed","ping_status":"closed","sticky":false,"template":"","format":"standard","meta":{"fifu_image_url":"","fifu_image_alt":"","footnotes":""},"categories":[73,53],"tags":[],"class_list":["post-71260","post","type-post","status-publish","format-standard","hentry","category-actualite","category-algerie"],"_links":{"self":[{"href":"https:\/\/linitiative.ca\/International\/wp-json\/wp\/v2\/posts\/71260","targetHints":{"allow":["GET"]}}],"collection":[{"href":"https:\/\/linitiative.ca\/International\/wp-json\/wp\/v2\/posts"}],"about":[{"href":"https:\/\/linitiative.ca\/International\/wp-json\/wp\/v2\/types\/post"}],"author":[{"embeddable":true,"href":"https:\/\/linitiative.ca\/International\/wp-json\/wp\/v2\/users\/1741"}],"replies":[{"embeddable":true,"href":"https:\/\/linitiative.ca\/International\/wp-json\/wp\/v2\/comments?post=71260"}],"version-history":[{"count":0,"href":"https:\/\/linitiative.ca\/International\/wp-json\/wp\/v2\/posts\/71260\/revisions"}],"wp:attachment":[{"href":"https:\/\/linitiative.ca\/International\/wp-json\/wp\/v2\/media?parent=71260"}],"wp:term":[{"taxonomy":"category","embeddable":true,"href":"https:\/\/linitiative.ca\/International\/wp-json\/wp\/v2\/categories?post=71260"},{"taxonomy":"post_tag","embeddable":true,"href":"https:\/\/linitiative.ca\/International\/wp-json\/wp\/v2\/tags?post=71260"}],"curies":[{"name":"wp","href":"https:\/\/api.w.org\/{rel}","templated":true}]}}