{"id":71277,"date":"2019-12-25T15:50:04","date_gmt":"2019-12-25T20:50:04","guid":{"rendered":"https:\/\/linitiative.ca\/International\/nigeria-sept-personnes-tuees-dans-une-attaque-jihadiste-la-veille-de-noel\/"},"modified":"2019-12-25T15:50:04","modified_gmt":"2019-12-25T20:50:04","slug":"nigeria-sept-personnes-tuees-dans-une-attaque-jihadiste-la-veille-de-noel","status":"publish","type":"post","link":"https:\/\/linitiative.ca\/International\/nigeria-sept-personnes-tuees-dans-une-attaque-jihadiste-la-veille-de-noel\/","title":{"rendered":"Nigeria: sept personnes tu\u00e9es dans une attaque jihadiste la veille de No\u00ebl"},"content":{"rendered":"<div readability=\"32\">\n<p>Publi\u00e9 le 25.12.2019 \u00e0 21h50 par AFP<\/p>\n<\/div>\n<div readability=\"87\">\n<p>Sept personnes ont \u00e9t\u00e9 tu\u00e9es et une adolescente enlev\u00e9e la veille de No\u00ebl lors d\u2019un raid attribu\u00e9 au groupe arm\u00e9 islamiste Boko Haram et visant un village chr\u00e9tien pr\u00e8s de Chibok, dans le nord-est du Nigeria, ont d\u00e9clar\u00e9 mercredi des miliciens et des habitants.<\/p>\n<p>Des dizaines de combattants venus \u00e0 bord de camions et de motos ont attaqu\u00e9 le village de Kwarangulum (Etat du Borno) mardi soir, tirant sur les habitants alors qu\u2019ils s\u2019enfuyaient et incendiant des maisons apr\u00e8s avoir pill\u00e9 des vivres.<\/p>\n<p>\u00ab\u00a0Ils ont tu\u00e9 sept personnes et enlev\u00e9 une adolescente dans l\u2019attaque\u00a0\u00bb, a d\u00e9clar\u00e9 \u00e0 l\u2019AFP un milicien luttant contre les jihadistes, David Bitrus.<\/p>\n<p>\u00ab\u00a0Ils ont emport\u00e9 des vivres et incendi\u00e9 de nombreuses maisons avant de partir\u00a0\u00bb, a-t-il expliqu\u00e9, ajoutant qu\u2019une \u00e9glise a \u00e9galement \u00e9t\u00e9 br\u00fbl\u00e9e.<\/p>\n<p>Les assaillants ont lanc\u00e9 leur attaque depuis la for\u00eat voisine de Sambisa, o\u00f9 sont retranch\u00e9s des combattants de Boko Haram, selon Ayuba Alamson, un chef local, qui a lui aussi fait \u00e9tat de sept tu\u00e9s et d\u2019une jeune fille enlev\u00e9e.<\/p>\n<p>En avril, Boko Haram avait d\u00e9j\u00e0 men\u00e9 un raid sur Kwarangulum, situ\u00e9 \u00e0 16 km de la ville de Chibok, pillant des vivres et br\u00fblant le village.<\/p>\n<p>Les habitants avaient alors pu fuir avant l\u2019arriv\u00e9e des jihadistes apr\u00e8s avoir \u00e9t\u00e9 inform\u00e9s de l\u2019attaque imminente.<\/p>\n<p>Chibok fut le th\u00e9\u00e2tre de l\u2019enl\u00e8vement par Boko Haram de 276 lyc\u00e9ennes en 2014 qui avait soulev\u00e9 une indignation mondiale.<\/p>\n<p>Cinquante-sept des filles se sont \u00e9chapp\u00e9es peu de temps apr\u00e8s le rapt, 107 ont \u00e9t\u00e9 sauv\u00e9es ou lib\u00e9r\u00e9es gr\u00e2ce \u00e0 des n\u00e9gociations tandis que 112 sont toujours en captivit\u00e9.<\/p>\n<p>L\u2019arm\u00e9e est stationn\u00e9e \u00e0 Chibok depuis cet enl\u00e8vement de masse mais les raids meurtriers de Boko Haram se poursuivent dans la r\u00e9gion.<\/p>\n<p>Le conflit fait 36.000 morts et environ deux millions de d\u00e9plac\u00e9s depuis 2009, selon les Nations unies.<\/p>\n<p>La violence s\u2019est propag\u00e9e au Niger, au Tchad et au Cameroun voisins, poussant les pays du bassin du lac Tchad \u00e0 former une coalition militaire r\u00e9gionale pour combattre les jihadistes.<\/p>\n<\/div>\n<p>Auteur: AFP<br \/>\n<a href=\"https:\/\/www.journalducameroun.com\/nigeria-sept-personnes-tuees-dans-une-attaque-jihadiste-la-veille-de-noel\/\">Cliquez ici pour lire l&rsquo;article depuis sa source.<\/a><\/p>\n","protected":false},"excerpt":{"rendered":"<p>Publi\u00e9 le 25.12.2019 \u00e0 21h50 par AFP Sept personnes ont \u00e9t\u00e9 tu\u00e9es et une adolescente enlev\u00e9e la veille de No\u00ebl lors d\u2019un raid attribu\u00e9 au groupe arm\u00e9 islamiste Boko Haram et visant un village chr\u00e9tien pr\u00e8s de Chibok, dans le nord-est du Nigeria, ont d\u00e9clar\u00e9 mercredi des miliciens et des habitants. Des dizaines de combattants [&hellip;]<\/p>\n","protected":false},"author":1965,"featured_media":0,"comment_status":"closed","ping_status":"closed","sticky":false,"template":"","format":"standard","meta":{"fifu_image_url":"","fifu_image_alt":"","footnotes":""},"categories":[73,82],"tags":[],"class_list":["post-71277","post","type-post","status-publish","format-standard","hentry","category-actualite","category-cameroun"],"_links":{"self":[{"href":"https:\/\/linitiative.ca\/International\/wp-json\/wp\/v2\/posts\/71277","targetHints":{"allow":["GET"]}}],"collection":[{"href":"https:\/\/linitiative.ca\/International\/wp-json\/wp\/v2\/posts"}],"about":[{"href":"https:\/\/linitiative.ca\/International\/wp-json\/wp\/v2\/types\/post"}],"author":[{"embeddable":true,"href":"https:\/\/linitiative.ca\/International\/wp-json\/wp\/v2\/users\/1965"}],"replies":[{"embeddable":true,"href":"https:\/\/linitiative.ca\/International\/wp-json\/wp\/v2\/comments?post=71277"}],"version-history":[{"count":0,"href":"https:\/\/linitiative.ca\/International\/wp-json\/wp\/v2\/posts\/71277\/revisions"}],"wp:attachment":[{"href":"https:\/\/linitiative.ca\/International\/wp-json\/wp\/v2\/media?parent=71277"}],"wp:term":[{"taxonomy":"category","embeddable":true,"href":"https:\/\/linitiative.ca\/International\/wp-json\/wp\/v2\/categories?post=71277"},{"taxonomy":"post_tag","embeddable":true,"href":"https:\/\/linitiative.ca\/International\/wp-json\/wp\/v2\/tags?post=71277"}],"curies":[{"name":"wp","href":"https:\/\/api.w.org\/{rel}","templated":true}]}}