{"id":71278,"date":"2019-12-25T15:50:06","date_gmt":"2019-12-25T20:50:06","guid":{"rendered":"https:\/\/linitiative.ca\/International\/maroc-plusieurs-arrestations-pour-trafic-de-visas-et-de-cartes-de-sejour\/"},"modified":"2019-12-25T15:50:06","modified_gmt":"2019-12-25T20:50:06","slug":"maroc-plusieurs-arrestations-pour-trafic-de-visas-et-de-cartes-de-sejour","status":"publish","type":"post","link":"https:\/\/linitiative.ca\/International\/maroc-plusieurs-arrestations-pour-trafic-de-visas-et-de-cartes-de-sejour\/","title":{"rendered":"Maroc: plusieurs arrestations pour trafic de visas et de cartes de s\u00e9jour"},"content":{"rendered":"<div readability=\"32\">\n<p>Publi\u00e9 le 25.12.2019 \u00e0 21h50 par AFP<\/p>\n<\/div>\n<div readability=\"61\">\n<p>Huit personnes ont \u00e9t\u00e9 arr\u00eat\u00e9es au Maroc mardi pour leurs liens pr\u00e9sum\u00e9s avec un r\u00e9seau de faux papiers et de \u00ab\u00a0traite d\u2019\u00eatres humains\u00a0\u00bb, ont annonc\u00e9 les autorit\u00e9s marocaines.<\/p>\n<p>Une perquisition au domicile des suspects a permis de saisir des \u00ab\u00a0cartes de s\u00e9jour \u00e0 l\u2019\u00e9tranger, des visas falsifi\u00e9s et des passeports de candidats \u00e0 l\u2019immigration clandestine\u00a0\u00bb, a indiqu\u00e9 mercredi le Bureau central d\u2019investigations judiciaires (BCIJ) dans un communiqu\u00e9.<\/p>\n<p>Des \u00ab\u00a0appareils \u00e9lectroniques, des t\u00e9l\u00e9phones portables et trois voitures\u00a0\u00bb ont aussi \u00e9t\u00e9 saisis.<\/p>\n<p>Un candidat a par ailleurs \u00e9t\u00e9 interpell\u00e9 \u00e0 l\u2019a\u00e9roport Mohammed-V, en p\u00e9riph\u00e9rie de Casablanca (ouest), selon la m\u00eame source.<\/p>\n<p>Le communiqu\u00e9 ne pr\u00e9cise par les nationalit\u00e9s des suspects, ni les pays d\u2019accueil cibl\u00e9s.<\/p>\n<p>Une enqu\u00eate a \u00e9t\u00e9 ouverte pour d\u00e9terminer d\u2019\u00e9ventuelles \u00ab\u00a0ramifications de ce r\u00e9seau criminel au Maroc et \u00e0 l\u2019\u00e9tranger\u00a0\u00bb.<\/p>\n<p>Des dizaines de milliers de Marocains et de Subsahariens tentent chaque ann\u00e9e de rallier ill\u00e9galement l\u2019Europe \u00e0 partir du royaume, notamment \u00e0 bord d\u2019embarcations de fortune.<\/p>\n<p>Le nombre de ceux voyageant avec de faux papiers n\u2019est pas connu.<\/p>\n<\/div>\n<p>Auteur: AFP<br \/>\n<a href=\"https:\/\/www.journalducameroun.com\/maroc-plusieurs-arrestations-pour-trafic-de-visas-et-de-cartes-de-sejour\/\">Cliquez ici pour lire l&rsquo;article depuis sa source.<\/a><\/p>\n","protected":false},"excerpt":{"rendered":"<p>Publi\u00e9 le 25.12.2019 \u00e0 21h50 par AFP Huit personnes ont \u00e9t\u00e9 arr\u00eat\u00e9es au Maroc mardi pour leurs liens pr\u00e9sum\u00e9s avec un r\u00e9seau de faux papiers et de \u00ab\u00a0traite d\u2019\u00eatres humains\u00a0\u00bb, ont annonc\u00e9 les autorit\u00e9s marocaines. Une perquisition au domicile des suspects a permis de saisir des \u00ab\u00a0cartes de s\u00e9jour \u00e0 l\u2019\u00e9tranger, des visas falsifi\u00e9s et [&hellip;]<\/p>\n","protected":false},"author":1965,"featured_media":0,"comment_status":"closed","ping_status":"closed","sticky":false,"template":"","format":"standard","meta":{"fifu_image_url":"","fifu_image_alt":"","footnotes":""},"categories":[73,82],"tags":[],"class_list":["post-71278","post","type-post","status-publish","format-standard","hentry","category-actualite","category-cameroun"],"_links":{"self":[{"href":"https:\/\/linitiative.ca\/International\/wp-json\/wp\/v2\/posts\/71278","targetHints":{"allow":["GET"]}}],"collection":[{"href":"https:\/\/linitiative.ca\/International\/wp-json\/wp\/v2\/posts"}],"about":[{"href":"https:\/\/linitiative.ca\/International\/wp-json\/wp\/v2\/types\/post"}],"author":[{"embeddable":true,"href":"https:\/\/linitiative.ca\/International\/wp-json\/wp\/v2\/users\/1965"}],"replies":[{"embeddable":true,"href":"https:\/\/linitiative.ca\/International\/wp-json\/wp\/v2\/comments?post=71278"}],"version-history":[{"count":0,"href":"https:\/\/linitiative.ca\/International\/wp-json\/wp\/v2\/posts\/71278\/revisions"}],"wp:attachment":[{"href":"https:\/\/linitiative.ca\/International\/wp-json\/wp\/v2\/media?parent=71278"}],"wp:term":[{"taxonomy":"category","embeddable":true,"href":"https:\/\/linitiative.ca\/International\/wp-json\/wp\/v2\/categories?post=71278"},{"taxonomy":"post_tag","embeddable":true,"href":"https:\/\/linitiative.ca\/International\/wp-json\/wp\/v2\/tags?post=71278"}],"curies":[{"name":"wp","href":"https:\/\/api.w.org\/{rel}","templated":true}]}}