{"id":71279,"date":"2019-12-25T16:50:02","date_gmt":"2019-12-25T21:50:02","guid":{"rendered":"https:\/\/linitiative.ca\/International\/burkina-une-dizaine-de-soldats-tues-dans-une-nouvelle-attaque-dans-le-nord\/"},"modified":"2019-12-25T16:50:02","modified_gmt":"2019-12-25T21:50:02","slug":"burkina-une-dizaine-de-soldats-tues-dans-une-nouvelle-attaque-dans-le-nord","status":"publish","type":"post","link":"https:\/\/linitiative.ca\/International\/burkina-une-dizaine-de-soldats-tues-dans-une-nouvelle-attaque-dans-le-nord\/","title":{"rendered":"Burkina : \u00ab\u00a0une dizaine\u00a0\u00bb de soldats tu\u00e9s dans une nouvelle attaque dans le nord"},"content":{"rendered":"<div readability=\"32\">\n<p>Publi\u00e9 le 25.12.2019 \u00e0 22h50 par AFP<\/p>\n<\/div>\n<div readability=\"63\">\n<p>Une dizaine de soldats burkinab\u00e9 ont \u00e9t\u00e9 tu\u00e9s dans la nuit de mardi \u00e0 mercredi lors d\u2019une attaque contre un d\u00e9tachement militaire \u00e0 Hallal\u00e9, dans le nord du Burkina Faso, ont rapport\u00e9 mercredi \u00e0 l\u2019AFP des sources s\u00e9curitaires.<\/p>\n<p>\u00ab\u00a0Une patrouille du d\u00e9tachement militaire de Namssiguia a \u00e9t\u00e9 attaqu\u00e9e dans la nuit de mardi \u00e0 mercredi\u00a0\u00bb, a d\u00e9clar\u00e9 \u00e0 l\u2019AFP une source s\u00e9curitaire.<\/p>\n<p>\u00ab\u00a0Une dizaine de militaires ont \u00e9t\u00e9 tu\u00e9s dans cette embuscade qui a eu lieu \u00e0 Hallal\u00e9\u00a0\u00bb, localit\u00e9 situ\u00e9e pr\u00e8s de Tongomael, dans la province du Soum, la m\u00eame r\u00e9gion o\u00f9 s\u2019est produite mardi matin l\u2019attaque d\u2019Arbinda qui a fait 42 morts.<\/p>\n<p>Selon une autre source s\u00e9curitaire, \u00ab\u00a0la riposte des \u00e9l\u00e9ments (soldats) a permis de neutraliser (tuer) plusieurs terroristes\u00a0\u00bb.<\/p>\n<p>Le Burkina Faso suit un deuil national de deux jours, mercredi et jeudi, apr\u00e8s l\u2019attaque d\u2019Arbinda, o\u00f9 35 civils (dont 31 femmes) et sept militaires ont \u00e9t\u00e9 tu\u00e9s, ainsi que \u00ab\u00a080 terroristes\u00a0\u00bb, selon les autorit\u00e9s burkinab\u00e9.<\/p>\n<p>Il s\u2019agit de l\u2019attaque la plus meurtri\u00e8re qu\u2019ait enregistr\u00e9e ce pays d\u2019Afrique de l\u2019ouest depuis le d\u00e9but des violences jihadistes il y a cinq ans.<\/p>\n<\/div>\n<p>Auteur: AFP<br \/>\n<a href=\"https:\/\/www.journalducameroun.com\/burkina-une-dizaine-de-soldats-tues-dans-une-nouvelle-attaque-dans-le-nord\/\">Cliquez ici pour lire l&rsquo;article depuis sa source.<\/a><\/p>\n","protected":false},"excerpt":{"rendered":"<p>Publi\u00e9 le 25.12.2019 \u00e0 22h50 par AFP Une dizaine de soldats burkinab\u00e9 ont \u00e9t\u00e9 tu\u00e9s dans la nuit de mardi \u00e0 mercredi lors d\u2019une attaque contre un d\u00e9tachement militaire \u00e0 Hallal\u00e9, dans le nord du Burkina Faso, ont rapport\u00e9 mercredi \u00e0 l\u2019AFP des sources s\u00e9curitaires. \u00ab\u00a0Une patrouille du d\u00e9tachement militaire de Namssiguia a \u00e9t\u00e9 attaqu\u00e9e [&hellip;]<\/p>\n","protected":false},"author":1965,"featured_media":0,"comment_status":"closed","ping_status":"closed","sticky":false,"template":"","format":"standard","meta":{"fifu_image_url":"","fifu_image_alt":"","footnotes":""},"categories":[73,82],"tags":[],"class_list":["post-71279","post","type-post","status-publish","format-standard","hentry","category-actualite","category-cameroun"],"_links":{"self":[{"href":"https:\/\/linitiative.ca\/International\/wp-json\/wp\/v2\/posts\/71279","targetHints":{"allow":["GET"]}}],"collection":[{"href":"https:\/\/linitiative.ca\/International\/wp-json\/wp\/v2\/posts"}],"about":[{"href":"https:\/\/linitiative.ca\/International\/wp-json\/wp\/v2\/types\/post"}],"author":[{"embeddable":true,"href":"https:\/\/linitiative.ca\/International\/wp-json\/wp\/v2\/users\/1965"}],"replies":[{"embeddable":true,"href":"https:\/\/linitiative.ca\/International\/wp-json\/wp\/v2\/comments?post=71279"}],"version-history":[{"count":0,"href":"https:\/\/linitiative.ca\/International\/wp-json\/wp\/v2\/posts\/71279\/revisions"}],"wp:attachment":[{"href":"https:\/\/linitiative.ca\/International\/wp-json\/wp\/v2\/media?parent=71279"}],"wp:term":[{"taxonomy":"category","embeddable":true,"href":"https:\/\/linitiative.ca\/International\/wp-json\/wp\/v2\/categories?post=71279"},{"taxonomy":"post_tag","embeddable":true,"href":"https:\/\/linitiative.ca\/International\/wp-json\/wp\/v2\/tags?post=71279"}],"curies":[{"name":"wp","href":"https:\/\/api.w.org\/{rel}","templated":true}]}}