{"id":71281,"date":"2019-12-25T17:18:04","date_gmt":"2019-12-25T22:18:04","guid":{"rendered":"https:\/\/linitiative.ca\/International\/quatre-sites-marocains-inscrits-a-la-liste-finale-du-patrimoine-islamique\/"},"modified":"2019-12-25T17:18:04","modified_gmt":"2019-12-25T22:18:04","slug":"quatre-sites-marocains-inscrits-a-la-liste-finale-du-patrimoine-islamique","status":"publish","type":"post","link":"https:\/\/linitiative.ca\/International\/quatre-sites-marocains-inscrits-a-la-liste-finale-du-patrimoine-islamique\/","title":{"rendered":"Quatre sites marocains inscrits \u00e0 la liste finale du patrimoine islamique"},"content":{"rendered":"<div readability=\"32\">\n<p>Publi\u00e9 le 25.12.2019 \u00e0 23h18 par APA News<\/p>\n<\/div>\n<div readability=\"58\">\n<p>Quatre sites marocains ont \u00e9t\u00e9 inscrits \u00e0 la liste finale du patrimoine islamique \u00e0 l\u2019issue de la r\u00e9union extraordinaire de la commission du patrimoine dans le monde islamique, a indiqu\u00e9 mardi un communiqu\u00e9 du minist\u00e8re marocain de la Culture.Il s\u2019agit de la mosqu\u00e9 Al-Quaraouiyine \u00e0 F\u00e8s, la mosqu\u00e9e de Tinmel des Almohades situ\u00e9 dans le Haut Atlas occidental, le site de Ksar Sghir dans la province de Tanger (Nord) et de l\u2019Oasis de Feguig (Est), a fait savoir le minist\u00e8re.<\/p>\n<p>Par ailleurs, les sites de Moulay Idriss Zerhoun, la ville de Taza, le site du Lixus, le monument fun\u00e9raire d\u2019Al Kour dans la province d\u2019El Hajeb, la grotte de Taforalt dans la province d\u2019Oujda, le parc de Talassemtane dans la province de Chefchaouen, la r\u00e9serve des arbres dragonniers Ajgal dans l\u2019anti-Atlas, le parc de Khenifiss, le parc national de Dakhla, la ville de Casablanca et le bassin de l\u2019Oued-noun ont \u00e9t\u00e9 ajout\u00e9s \u00e0 la liste pr\u00e9liminaire du patrimoine du monde islamique.<\/p>\n<p>Le choix de ces sites historiques et naturels vise \u00e0 valoriser le patrimoine culturel marocain et de le faire connaitre aux niveaux national et international et constitue une reconnaissance de la valeur et des dimensions humaines de ces sites.<\/p>\n<\/div>\n<p>Auteur: APA News<br \/>\n<a href=\"https:\/\/www.journalducameroun.com\/quatre-sites-marocains-inscrits-a-la-liste-finale-du-patrimoine-islamique\/\">Cliquez ici pour lire l&rsquo;article depuis sa source.<\/a><\/p>\n","protected":false},"excerpt":{"rendered":"<p>Publi\u00e9 le 25.12.2019 \u00e0 23h18 par APA News Quatre sites marocains ont \u00e9t\u00e9 inscrits \u00e0 la liste finale du patrimoine islamique \u00e0 l\u2019issue de la r\u00e9union extraordinaire de la commission du patrimoine dans le monde islamique, a indiqu\u00e9 mardi un communiqu\u00e9 du minist\u00e8re marocain de la Culture.Il s\u2019agit de la mosqu\u00e9 Al-Quaraouiyine \u00e0 F\u00e8s, la [&hellip;]<\/p>\n","protected":false},"author":1965,"featured_media":0,"comment_status":"closed","ping_status":"closed","sticky":false,"template":"","format":"standard","meta":{"fifu_image_url":"","fifu_image_alt":"","footnotes":""},"categories":[73,82],"tags":[],"class_list":["post-71281","post","type-post","status-publish","format-standard","hentry","category-actualite","category-cameroun"],"_links":{"self":[{"href":"https:\/\/linitiative.ca\/International\/wp-json\/wp\/v2\/posts\/71281","targetHints":{"allow":["GET"]}}],"collection":[{"href":"https:\/\/linitiative.ca\/International\/wp-json\/wp\/v2\/posts"}],"about":[{"href":"https:\/\/linitiative.ca\/International\/wp-json\/wp\/v2\/types\/post"}],"author":[{"embeddable":true,"href":"https:\/\/linitiative.ca\/International\/wp-json\/wp\/v2\/users\/1965"}],"replies":[{"embeddable":true,"href":"https:\/\/linitiative.ca\/International\/wp-json\/wp\/v2\/comments?post=71281"}],"version-history":[{"count":0,"href":"https:\/\/linitiative.ca\/International\/wp-json\/wp\/v2\/posts\/71281\/revisions"}],"wp:attachment":[{"href":"https:\/\/linitiative.ca\/International\/wp-json\/wp\/v2\/media?parent=71281"}],"wp:term":[{"taxonomy":"category","embeddable":true,"href":"https:\/\/linitiative.ca\/International\/wp-json\/wp\/v2\/categories?post=71281"},{"taxonomy":"post_tag","embeddable":true,"href":"https:\/\/linitiative.ca\/International\/wp-json\/wp\/v2\/tags?post=71281"}],"curies":[{"name":"wp","href":"https:\/\/api.w.org\/{rel}","templated":true}]}}