{"id":71284,"date":"2019-12-26T03:26:46","date_gmt":"2019-12-26T08:26:46","guid":{"rendered":"https:\/\/linitiative.ca\/International\/samira-said-chante-hiya\/"},"modified":"2019-12-26T03:26:46","modified_gmt":"2019-12-26T08:26:46","slug":"samira-said-chante-hiya","status":"publish","type":"post","link":"https:\/\/linitiative.ca\/International\/samira-said-chante-hiya\/","title":{"rendered":"Samira Said chante \u00abHiya\u00bb"},"content":{"rendered":"<header readability=\"1.26818181818\">\n<div class=\"entry-post-meta\" readability=\"6.42424242424\">\n<div class=\"author-link\">Publi\u00e9 par <a itemprop=\"author\" itemscope=\"\" itemtype=\"https:\/\/schema.org\/Person\" href=\"http:\/\/aujourdhui.ma\/profile\/alm\" rel=\"author\"><span itemprop=\"name\">ALM<\/span><\/a><\/div>\n<p>Date\u00a0:<time content=\"2019-12-26T09:26:46+00:00\" class=\"entry-date updated\" datetime=\"2019-12-26T09:26:46+00:00\">d\u00e9cembre 26, 2019<\/time><\/p>\n<div class=\"entry-cat\">dans:<a href=\"http:\/\/aujourdhui.ma\/category\/culture\" rel=\"category tag\">Culture<\/a>, <a href=\"http:\/\/aujourdhui.ma\/category\/une\" rel=\"category tag\">Une<\/a><\/div>\n<p>0 Vues<\/p>\n<\/div>\n<\/header>\n<div class=\"entry-content clearfix\" readability=\"57\"><img decoding=\"async\" class=\"post_layout_5_img\" src=\"http:\/\/aujourdhui.ma\/wp-content\/uploads\/2019\/03\/Samira-said.jpg?x29840\" alt=\"Samira Said chante \u00abHiya\u00bb\"\/><\/p>\n<p>La diva Samira Said revient en force lors de cette saison. Apr\u00e8s avoir lanc\u00e9 son album qui porte le titre \u00abHollelah\u00bb<span id=\"more-327866\"\/>, en parall\u00e8le avec le programme t\u00e9l\u00e9vis\u00e9 \u00abThe Voice\u00bb, la star marque son grand retour en interpr\u00e9tant, en collaboration avec le groupe \u00abAdrenaline\u00bb, le g\u00e9n\u00e9rique du nouveau t\u00e9l\u00e9feuilleton marocain intitul\u00e9 \u00abHiya\u00bb dont la diffusion est pr\u00e9vue au d\u00e9but de l\u2019ann\u00e9e 2020 sur MB5. Cette production marocaine est r\u00e9alis\u00e9e par Mourad El Khaoudi et autres. Il s\u2019agit d\u2019un drame social dont les sc\u00e8nes sont tourn\u00e9es dans la ville de Casablanca. Elle conna\u00eetra en effet la participation de grandes figures du cin\u00e9ma \u00e0 l\u2019instar de Rachid El Ouali, Zineb Oubeid, Hanane Ibrahimi, Ayoub El Yousfi, Meryem Bakouch, Abdesalam Bouhssini, et d\u2019autres. Il faut dire que l\u2019ann\u00e9e 2019 \u00e9tait charg\u00e9e pour l\u2019artiste pop du Moyen-Orient.<\/p>\n<p>Elle avait entam\u00e9 en avril 2019 une tourn\u00e9e pour la premi\u00e8re fois au Maroc depuis 40 ans. D\u2019ailleurs, elle a anim\u00e9 dans le Royaume trois grands concerts \u00e0 Casablanca \u00e0 Tanger et au complexe touristique du Mazagan. De plus, cette ann\u00e9e elle a lanc\u00e9 sur sa cha\u00eene YouTube le clip de sa nouvelle chanson \u00e0 succ\u00e8s \u00abMeddala3\u00bb, chant\u00e9 en khaliji. De m\u00eame, elle a particip\u00e9 \u00e0 l\u2019\u00e9mission \u00abThe Voice 5\u00bb dans sa version arabe diffus\u00e9e sur MBC 1, aux c\u00f4t\u00e9s de l\u2019artiste \u00e9miratie Ahlam et la star \u00e9gyptienne Mohamed Hamaki, ainsi que la super star Ragheb Alama. D\u00e9j\u00e0, cette artiste n\u2019est plus \u00e0 pr\u00e9senter. Elle compte \u00e0 son actif une carri\u00e8re de 40 ans ainsi qu\u2019un palmar\u00e8s de titres et de prix internationaux qui se chiffrent \u00e0 plus de 40 dont le BBC Award et un World Music Award pour sa fameuse chanson \u00abYoum wara youm\u00bb. Elle a \u00e9galement re\u00e7u plusieurs d\u00e9corations de la part des plus grandes personnalit\u00e9s politiques de par le monde.<\/p>\n<\/div>\n<p>Auteur: ALM<br \/>\n<a href=\"http:\/\/aujourdhui.ma\/culture\/samira-said-chante-hiya\">Cliquez ici pour lire l&rsquo;article depuis sa source.<\/a><\/p>\n","protected":false},"excerpt":{"rendered":"<p>Publi\u00e9 par ALM Date\u00a0:d\u00e9cembre 26, 2019 dans:Culture, Une 0 Vues La diva Samira Said revient en force lors de cette saison. Apr\u00e8s avoir lanc\u00e9 son album qui porte le titre \u00abHollelah\u00bb, en parall\u00e8le avec le programme t\u00e9l\u00e9vis\u00e9 \u00abThe Voice\u00bb, la star marque son grand retour en interpr\u00e9tant, en collaboration avec le groupe \u00abAdrenaline\u00bb, le g\u00e9n\u00e9rique [&hellip;]<\/p>\n","protected":false},"author":1759,"featured_media":0,"comment_status":"closed","ping_status":"closed","sticky":false,"template":"","format":"standard","meta":{"fifu_image_url":"","fifu_image_alt":"","footnotes":""},"categories":[73,54],"tags":[],"class_list":["post-71284","post","type-post","status-publish","format-standard","hentry","category-actualite","category-maroc"],"_links":{"self":[{"href":"https:\/\/linitiative.ca\/International\/wp-json\/wp\/v2\/posts\/71284","targetHints":{"allow":["GET"]}}],"collection":[{"href":"https:\/\/linitiative.ca\/International\/wp-json\/wp\/v2\/posts"}],"about":[{"href":"https:\/\/linitiative.ca\/International\/wp-json\/wp\/v2\/types\/post"}],"author":[{"embeddable":true,"href":"https:\/\/linitiative.ca\/International\/wp-json\/wp\/v2\/users\/1759"}],"replies":[{"embeddable":true,"href":"https:\/\/linitiative.ca\/International\/wp-json\/wp\/v2\/comments?post=71284"}],"version-history":[{"count":0,"href":"https:\/\/linitiative.ca\/International\/wp-json\/wp\/v2\/posts\/71284\/revisions"}],"wp:attachment":[{"href":"https:\/\/linitiative.ca\/International\/wp-json\/wp\/v2\/media?parent=71284"}],"wp:term":[{"taxonomy":"category","embeddable":true,"href":"https:\/\/linitiative.ca\/International\/wp-json\/wp\/v2\/categories?post=71284"},{"taxonomy":"post_tag","embeddable":true,"href":"https:\/\/linitiative.ca\/International\/wp-json\/wp\/v2\/tags?post=71284"}],"curies":[{"name":"wp","href":"https:\/\/api.w.org\/{rel}","templated":true}]}}