{"id":71285,"date":"2019-12-26T03:28:56","date_gmt":"2019-12-26T08:28:56","guid":{"rendered":"https:\/\/linitiative.ca\/International\/mohamed-arejdal-le-messager\/"},"modified":"2019-12-26T03:28:56","modified_gmt":"2019-12-26T08:28:56","slug":"mohamed-arejdal-le-messager","status":"publish","type":"post","link":"https:\/\/linitiative.ca\/International\/mohamed-arejdal-le-messager\/","title":{"rendered":"Mohamed Arejdal, \u00able messager\u00bb"},"content":{"rendered":"<p><img decoding=\"async\" class=\"post_layout_5_img\" src=\"http:\/\/aujourdhui.ma\/wp-content\/uploads\/2019\/12\/COMMUNIQU%C3%89_COMPTOIR-DES-MINES-GALERIE_SOLO-SHOW-MOHAMED-AREJDAL-_RESSALA_-6.jpg?x29840\" alt=\"Mohamed Arejdal, \u00able messager\u00bb\"\/><\/p>\n<p>Le Comptoir des Mines \u00e0 Marrakech s\u2019appr\u00eate \u00e0 ouvrir ses portes pour accueillir en cette fin d\u00e9cembre les amateurs de l\u2019art \u00e0 l\u2019occasion de l\u2019exposition \u00abRessala\u00bb<span id=\"more-327868\"\/> de Mohamed Arejdal, qui cl\u00f4ture cette saison et inaugure avec force la suivante. N\u00e9e d\u2019une promesse d\u2019engagement total pass\u00e9e en 2017 entre l\u2019artiste et Hicham Daoudi, pr\u00e9sident de la CMOOA, cette exposition majeure dot\u00e9e d\u2019une dimension mus\u00e9ale d\u00e9coule d\u2019une volont\u00e9 de d\u00e9fendre une vision alternative de l\u2019art au Maroc et de proposer une autre lecture de la notion d\u2019un \u00abGrand Sud\u00bb.<\/p>\n<p>\u00abNe se limitant plus \u00e0 un territoire spatial ou \u00e0 une g\u00e9ographie du tiers-monde, le \u00abGrand Sud\u00bb mis en avant par l\u2019artiste trouverait davantage son sens dans un agr\u00e9gat de coutumes, de pratiques humaines et de cultures devenues \u00abminoritaires\u00bb qui se d\u00e9marquent d\u2019une \u00abd\u00e9finition occidentale\u00bb\u00bb, expliquent, \u00e0 ce sujet, les initiateurs de cette exposition. Il faut dire que les \u0153uvres qui jalonnent les grandes phases du parcours de l\u2019exposition sont toutes empreintes des traces du vivant, du sacr\u00e9 ou des coutumes ancestrales, de m\u00eame qu\u2019elles repr\u00e9sentent des fragments de \u00abce Grand Sud\u00bb imaginaire mis en p\u00e9ril par le rythme d\u2019une modernit\u00e9 impos\u00e9e. \u00abSi elle repr\u00e9sente un aboutissement important pour l\u2019artiste, \u00abRessala\u00bb est un d\u00e9fi colossal pour le Comptoir des Mines afin d\u2019accompagner l\u2019un des personnages les plus fascinants de la sc\u00e8ne artistique marocaine dans \u00abson bilan d\u2019\u00e9tape d\u00e9cennal\u00bb\u00bb, indique-t-on. En ajoutant que \u00able titre de l\u2019exposition \u00abRessala\u00bb, que l\u2019on pourrait traduire par l\u2019id\u00e9e de \u00ablettre\u00bb ou de \u00abmessage\u00bb pour les publics non arabophones, renvoie \u00e0 la s\u00e9mantique m\u00eame du Sacr\u00e9 en Islam\u00bb.<\/p>\n<p>Mohamed Arejdal ne se pr\u00e9tend ni un \u00eatre c\u00e9leste ni un messie, il revendique en revanche farouchement sa l\u00e9gitimit\u00e9 \u00e0 t\u00e9moigner d\u2019un monde en mutation dont il se sait fin observateur. S\u2019il endosse aujourd\u2019hui le r\u00f4le de \u00abmessager\u00bb, c\u2019est qu\u2019il a conscience de porter en lui une v\u00e9rit\u00e9 que l\u2019urgence du moment le force \u00e0 transmettre \u00e0 travers son langage visuel. \u00abJe suis une voix venant du Sud\u00bb, se pla\u00eet-il \u00e0 r\u00e9p\u00e9ter. Mohamed a une mission, celle de rappeler sans cesse la disparition des particularit\u00e9s et des exceptions culturelles qui fa\u00e7onnaient les mosa\u00efques humaines au Maroc, mais aussi en Afrique de l\u2019Ouest, et bien au-del\u00e0 encore. \u00abC\u2019est notre responsabilit\u00e9 commune d\u2019en parler et d\u2019interroger \u00e0 notre tour les gens\u00bb, affirme-t-il au d\u00e9tour de ses conversations avec ses nombreux interlocuteurs. A vrai dire, Mohamed Arejdal est un personnage fascinant dont les obstacles de la vie n\u2019ont jamais alt\u00e9r\u00e9 la d\u00e9termination.<\/p>\n<p>De l\u2019obtention de son dipl\u00f4me de l\u2019INBA T\u00e9touan en 2008, jusqu\u2019\u00e0 la reconnaissance acquise durant la Bienalsur \u00e0 Buenos Aires en 2019. Cette prise de risque pour vivre intens\u00e9ment sa \u00abmission\u00bb artistique ne l\u2019a plus quitt\u00e9 depuis, comme en attestent ses nombreux voyages en Afrique de l\u2019Ouest et au Sahel. A pied, \u00e0 dos de chameau, ou en autocar, Mohamed s\u2019est souvent m\u00eal\u00e9 aux populations et caravanes nomades sans conna\u00eetre \u00e0 l\u2019avance sa destination finale. Roues motrices de son imaginaire, ce sont avant tout les voyages, les rencontres et le dialogue qui comptent \u00e0 ses yeux comme autant d\u2019empreintes de ces moments qu\u2019il finit par mat\u00e9rialiser en \u0153uvre d\u2019art.<\/p>\n<p>L\u2019exposition \u00abRessala\u00bb se tiendra du 28 d\u00e9cembre 2019 au 5 f\u00e9vrier 2020.<\/p>\n<p>Auteur: Siham Jadraoui<br \/>\n<a href=\"http:\/\/aujourdhui.ma\/culture\/mohamed-arejdal-le-messager\">Cliquez ici pour lire l&rsquo;article depuis sa source.<\/a><\/p>\n","protected":false},"excerpt":{"rendered":"<p>Le Comptoir des Mines \u00e0 Marrakech s\u2019appr\u00eate \u00e0 ouvrir ses portes pour accueillir en cette fin d\u00e9cembre les amateurs de l\u2019art \u00e0 l\u2019occasion de l\u2019exposition \u00abRessala\u00bb de Mohamed Arejdal, qui cl\u00f4ture cette saison et inaugure avec force la suivante. N\u00e9e d\u2019une promesse d\u2019engagement total pass\u00e9e en 2017 entre l\u2019artiste et Hicham Daoudi, pr\u00e9sident de la [&hellip;]<\/p>\n","protected":false},"author":1759,"featured_media":0,"comment_status":"closed","ping_status":"closed","sticky":false,"template":"","format":"standard","meta":{"fifu_image_url":"","fifu_image_alt":"","footnotes":""},"categories":[73,54],"tags":[],"class_list":["post-71285","post","type-post","status-publish","format-standard","hentry","category-actualite","category-maroc"],"_links":{"self":[{"href":"https:\/\/linitiative.ca\/International\/wp-json\/wp\/v2\/posts\/71285","targetHints":{"allow":["GET"]}}],"collection":[{"href":"https:\/\/linitiative.ca\/International\/wp-json\/wp\/v2\/posts"}],"about":[{"href":"https:\/\/linitiative.ca\/International\/wp-json\/wp\/v2\/types\/post"}],"author":[{"embeddable":true,"href":"https:\/\/linitiative.ca\/International\/wp-json\/wp\/v2\/users\/1759"}],"replies":[{"embeddable":true,"href":"https:\/\/linitiative.ca\/International\/wp-json\/wp\/v2\/comments?post=71285"}],"version-history":[{"count":0,"href":"https:\/\/linitiative.ca\/International\/wp-json\/wp\/v2\/posts\/71285\/revisions"}],"wp:attachment":[{"href":"https:\/\/linitiative.ca\/International\/wp-json\/wp\/v2\/media?parent=71285"}],"wp:term":[{"taxonomy":"category","embeddable":true,"href":"https:\/\/linitiative.ca\/International\/wp-json\/wp\/v2\/categories?post=71285"},{"taxonomy":"post_tag","embeddable":true,"href":"https:\/\/linitiative.ca\/International\/wp-json\/wp\/v2\/tags?post=71285"}],"curies":[{"name":"wp","href":"https:\/\/api.w.org\/{rel}","templated":true}]}}