{"id":71286,"date":"2019-12-26T03:30:44","date_gmt":"2019-12-26T08:30:44","guid":{"rendered":"https:\/\/linitiative.ca\/International\/casablanca-un-pere-abuse-de-sa-fille-de-16-ans\/"},"modified":"2019-12-26T03:30:44","modified_gmt":"2019-12-26T08:30:44","slug":"casablanca-un-pere-abuse-de-sa-fille-de-16-ans","status":"publish","type":"post","link":"https:\/\/linitiative.ca\/International\/casablanca-un-pere-abuse-de-sa-fille-de-16-ans\/","title":{"rendered":"Casablanca : Un p\u00e8re abuse  de sa fille de 16 ans"},"content":{"rendered":"<header readability=\"1.12012987013\">\n<\/header>\n<div class=\"entry-content clearfix\" readability=\"56\"><img decoding=\"async\" class=\"post_layout_5_img\" src=\"http:\/\/aujourdhui.ma\/wp-content\/uploads\/2019\/03\/Viol.jpg?x29840\" alt=\"Casablanca : Un p\u00e8re abuse de sa fille de 16 ans\"\/><\/p>\n<p>Elle est encore mineure, \u00e0 son seizi\u00e8me printemps. Ses parents sont divorc\u00e9s depuis belle lurette.<span id=\"more-327871\"\/> Elle partage le m\u00eame toit avec sa m\u00e8re au quartier Al Ouifak relevant de la r\u00e9gion El Oulfa, pr\u00e9fecture des arrondissements de Hay Hassani, \u00e0 Casablanca. Quant \u00e0 son p\u00e8re qui demeure loin d\u2019elle, il lui rend souvent visite, lui donne de l\u2019argent et lu ach\u00e8te des effets vestimentaires. Sa m\u00e8re qui ne le croise que rarement puisqu\u2019elle passe sa journ\u00e9e au travail pour gagner sa vie semble \u00eatre satisfaite du comportement de son ex-mari puisqu\u2019il n\u2019a jamais abandonn\u00e9 sa fille et ne l\u2019a pas livr\u00e9e \u00e0 son propre sort.<\/p>\n<p>Ce jour-l\u00e0, la m\u00e8re rentre chez elle apr\u00e8s une journ\u00e9e harassante. D\u00e8s qu\u2019elle se tient devant la t\u00e9l\u00e9vision, elle lance un regard vers sa fille qui venait vers elle pour l\u2019embrasser. Elle remarque son ventre un peu gonfl\u00e9. Elle lui demande de s\u2019approcher d\u2019elle. Leurs regards se croisent. Rapidement, la fille fond en larmes. Sa m\u00e8re lui touche le ventre. Ses doutes \u00e9taient fond\u00e9s. Sa fille est bel et bien enceinte. Mais de qui ? La fille r\u00e9pond sans d\u00e9tours que c\u2019est son p\u00e8re. La m\u00e8re n\u2019en revient pas. Pass\u00e9 l\u2019effet du choc elle conduit sa fille au commissariat de police relevant du district de Hay Hassani et porte plainte.<\/p>\n<p>La fille affirme que son p\u00e8re l\u2019a viol\u00e9e \u00e0 maintes reprises tout en pr\u00e9cisant qu\u2019il lui a donn\u00e9 un somnif\u00e8re lors du premier viol. Apr\u00e8s quoi, il l\u2019obligeait \u00e0 lui c\u00e9der. La police s\u2019est rendue \u00e0 son domicile pour l\u2019arr\u00eater. Mais en vain. Il semble qu\u2019il a pris la fuite. Les investigations polici\u00e8res ont r\u00e9v\u00e9l\u00e9 qu\u2019il s\u2019est r\u00e9fugi\u00e9 dans la r\u00e9gion d\u2019El Khyayta, dans la p\u00e9riph\u00e9rie de Casablanca. En coordonnant avec les gendarmes de Had Soualem, les limiers de Hay Hassani sont arriv\u00e9s \u00e0 arr\u00eater le p\u00e8re incestueux.<\/p>\n<\/div>\n<p>Auteur: Abderrafii ALOUMLIKI<br \/>\n<a href=\"http:\/\/aujourdhui.ma\/faits-divers\/casablanca-un-pere-abuse-de-sa-fille-de-16-ans\">Cliquez ici pour lire l&rsquo;article depuis sa source.<\/a><\/p>\n","protected":false},"excerpt":{"rendered":"<p>Elle est encore mineure, \u00e0 son seizi\u00e8me printemps. Ses parents sont divorc\u00e9s depuis belle lurette. Elle partage le m\u00eame toit avec sa m\u00e8re au quartier Al Ouifak relevant de la r\u00e9gion El Oulfa, pr\u00e9fecture des arrondissements de Hay Hassani, \u00e0 Casablanca. Quant \u00e0 son p\u00e8re qui demeure loin d\u2019elle, il lui rend souvent visite, lui [&hellip;]<\/p>\n","protected":false},"author":1759,"featured_media":0,"comment_status":"closed","ping_status":"closed","sticky":false,"template":"","format":"standard","meta":{"fifu_image_url":"","fifu_image_alt":"","footnotes":""},"categories":[73,54],"tags":[],"class_list":["post-71286","post","type-post","status-publish","format-standard","hentry","category-actualite","category-maroc"],"_links":{"self":[{"href":"https:\/\/linitiative.ca\/International\/wp-json\/wp\/v2\/posts\/71286","targetHints":{"allow":["GET"]}}],"collection":[{"href":"https:\/\/linitiative.ca\/International\/wp-json\/wp\/v2\/posts"}],"about":[{"href":"https:\/\/linitiative.ca\/International\/wp-json\/wp\/v2\/types\/post"}],"author":[{"embeddable":true,"href":"https:\/\/linitiative.ca\/International\/wp-json\/wp\/v2\/users\/1759"}],"replies":[{"embeddable":true,"href":"https:\/\/linitiative.ca\/International\/wp-json\/wp\/v2\/comments?post=71286"}],"version-history":[{"count":0,"href":"https:\/\/linitiative.ca\/International\/wp-json\/wp\/v2\/posts\/71286\/revisions"}],"wp:attachment":[{"href":"https:\/\/linitiative.ca\/International\/wp-json\/wp\/v2\/media?parent=71286"}],"wp:term":[{"taxonomy":"category","embeddable":true,"href":"https:\/\/linitiative.ca\/International\/wp-json\/wp\/v2\/categories?post=71286"},{"taxonomy":"post_tag","embeddable":true,"href":"https:\/\/linitiative.ca\/International\/wp-json\/wp\/v2\/tags?post=71286"}],"curies":[{"name":"wp","href":"https:\/\/api.w.org\/{rel}","templated":true}]}}