{"id":71287,"date":"2019-12-26T03:31:54","date_gmt":"2019-12-26T08:31:54","guid":{"rendered":"https:\/\/linitiative.ca\/International\/larache-un-pedophile-mis-hors-detat-de-nuire\/"},"modified":"2019-12-26T03:31:54","modified_gmt":"2019-12-26T08:31:54","slug":"larache-un-pedophile-mis-hors-detat-de-nuire","status":"publish","type":"post","link":"https:\/\/linitiative.ca\/International\/larache-un-pedophile-mis-hors-detat-de-nuire\/","title":{"rendered":"Larache : Un p\u00e9dophile mis hors d\u2019\u00e9tat de nuire"},"content":{"rendered":"<header readability=\"1.125\">\n<\/header>\n<div class=\"entry-content clearfix\" readability=\"49\"><img decoding=\"async\" class=\"post_layout_5_img\" src=\"http:\/\/aujourdhui.ma\/wp-content\/uploads\/2018\/11\/Pedo-pedophilie.jpg?x29840\" alt=\"Larache : Un p\u00e9dophile mis hors d\u2019\u00e9tat de nuire\"\/><\/p>\n<p>Les \u00e9l\u00e9ments de la police judiciaire relevant de la s\u00fbret\u00e9 de Larache ont fini, derni\u00e8rement, par mettre la main sur un p\u00e9dophile qui circulait \u00e0 bord d\u2019une voiture \u00e0 travers les quatre coins de la ville en qu\u00eate d\u2019une victime mineure.<span id=\"more-327873\"\/> Plusieurs plaintes ont \u00e9t\u00e9 port\u00e9es contre lui dont la derni\u00e8re remonte \u00e0 quelques jours. Dans cette plainte, le p\u00e8re d\u2019un enfant a r\u00e9v\u00e9l\u00e9 qu\u2019un jeune homme qui circulait \u00e0 bord d\u2019une Audi s\u2019est approch\u00e9 de son enfant, \u00e2g\u00e9 de quatre ans, qui jouait avec ses camarades au quartier Al Manar.<\/p>\n<p>Il lui a donn\u00e9 quelques jouets afin de l\u2019encourager \u00e0 monter \u00e0 bord de la voiture. Sans h\u00e9sitation, l\u2019enfant l\u2019a rejoint. Le p\u00e9dophile a commenc\u00e9 \u00e0 lui faire des attouchements partout. L\u2019enfant trop content d\u2019avoir de si beaux jouets l\u2019a laiss\u00e9 faire. Apr\u00e8s avoir assouvi son d\u00e9sir, il l\u2019a laiss\u00e9 retourner chez lui. Une fois chez lui, ses parents lui ont demand\u00e9 la provenance des jouets, en toute innocence l\u2019enfant a racont\u00e9 ce qui lui est arriv\u00e9 avec l\u2019automobiliste.<\/p>\n<\/div>\n<p>Auteur: Abderrafii ALOUMLIKI<br \/>\n<a href=\"http:\/\/aujourdhui.ma\/faits-divers\/larache-un-pedophile-mis-hors-detat-de-nuire\">Cliquez ici pour lire l&rsquo;article depuis sa source.<\/a><\/p>\n","protected":false},"excerpt":{"rendered":"<p>Les \u00e9l\u00e9ments de la police judiciaire relevant de la s\u00fbret\u00e9 de Larache ont fini, derni\u00e8rement, par mettre la main sur un p\u00e9dophile qui circulait \u00e0 bord d\u2019une voiture \u00e0 travers les quatre coins de la ville en qu\u00eate d\u2019une victime mineure. Plusieurs plaintes ont \u00e9t\u00e9 port\u00e9es contre lui dont la derni\u00e8re remonte \u00e0 quelques jours. [&hellip;]<\/p>\n","protected":false},"author":1759,"featured_media":0,"comment_status":"closed","ping_status":"closed","sticky":false,"template":"","format":"standard","meta":{"fifu_image_url":"","fifu_image_alt":"","footnotes":""},"categories":[73,54],"tags":[],"class_list":["post-71287","post","type-post","status-publish","format-standard","hentry","category-actualite","category-maroc"],"_links":{"self":[{"href":"https:\/\/linitiative.ca\/International\/wp-json\/wp\/v2\/posts\/71287","targetHints":{"allow":["GET"]}}],"collection":[{"href":"https:\/\/linitiative.ca\/International\/wp-json\/wp\/v2\/posts"}],"about":[{"href":"https:\/\/linitiative.ca\/International\/wp-json\/wp\/v2\/types\/post"}],"author":[{"embeddable":true,"href":"https:\/\/linitiative.ca\/International\/wp-json\/wp\/v2\/users\/1759"}],"replies":[{"embeddable":true,"href":"https:\/\/linitiative.ca\/International\/wp-json\/wp\/v2\/comments?post=71287"}],"version-history":[{"count":0,"href":"https:\/\/linitiative.ca\/International\/wp-json\/wp\/v2\/posts\/71287\/revisions"}],"wp:attachment":[{"href":"https:\/\/linitiative.ca\/International\/wp-json\/wp\/v2\/media?parent=71287"}],"wp:term":[{"taxonomy":"category","embeddable":true,"href":"https:\/\/linitiative.ca\/International\/wp-json\/wp\/v2\/categories?post=71287"},{"taxonomy":"post_tag","embeddable":true,"href":"https:\/\/linitiative.ca\/International\/wp-json\/wp\/v2\/tags?post=71287"}],"curies":[{"name":"wp","href":"https:\/\/api.w.org\/{rel}","templated":true}]}}