{"id":71288,"date":"2019-12-26T04:31:23","date_gmt":"2019-12-26T09:31:23","guid":{"rendered":"https:\/\/linitiative.ca\/International\/a-la-casa-arabe-de-madrid-quatre-artistes-hispano-marocains-tissent-les-liens%ef%bb%bf\/"},"modified":"2019-12-26T04:31:23","modified_gmt":"2019-12-26T09:31:23","slug":"a-la-casa-arabe-de-madrid-quatre-artistes-hispano-marocains-tissent-les-liens%ef%bb%bf","status":"publish","type":"post","link":"https:\/\/linitiative.ca\/International\/a-la-casa-arabe-de-madrid-quatre-artistes-hispano-marocains-tissent-les-liens%ef%bb%bf\/","title":{"rendered":"\u00c0 la Casa \u00c1rabe de Madrid, quatre artistes hispano-marocains tissent les liens!\ufeff"},"content":{"rendered":"<p class=\"has-text-color has-vivid-cyan-blue-color\"><strong>L\u2019art tisse les liens entre les cultures et les peuples. En effet, entre le Maroc et l\u2019Espagne un pas, une histoire partag\u00e9e.\u00a0 C\u2019est \u00e0 la Casa \u00c1rabe de Madrid que quatre palettes hispano-marocaines exposent actuellement leurs \u0153uvres picturales.<\/strong><\/p>\n<p>L\u2019\u00e9v\u00e9nement se poursuivra jusqu\u2019au 1<sup>er<\/sup>\u00a0 mars 2020\u00a0! Des univers divers\u2026 les touches artistiques de Said Messari, Monia Touiss, Amine Asselman, Khalid el Bekay mettent en lumi\u00e8re l\u2019art contemporain marocain sous toutes ses facettes et formes.<\/p>\n<p>Entre la sculpture, la gravure et la peinture, les travaux des artistes puisent dans les cultures marocaine et chinoise mais aussi dans l\u2019h\u00e9ritage andalou et la po\u00e9sie arabe. Certes, les quatre artistes ont fait le choix de continuer leurs carri\u00e8res sous d\u2019autres cieux, mais ils y gardent toujours leur attachement \u00e0 la terre natale, aux racines, tout en s\u2019ouvrant sur de nouveaux horizons esth\u00e9tiques et universels. D\u2019o\u00f9 en effet le choix du\u00a0 th\u00e8me de l\u2019exposition \u2018\u2019Liens ouverts\u2019\u2019.<\/p>\n<p>\u00abIl y a des pays dont les histoires se croisent un jour et ils demeurent unis pour toujours. L\u2019histoire de l\u2019art au Maroc et en Espagne en est un exemple palpable. Il est bien connu que l\u2019arriv\u00e9e de la peinture espagnole au Maroc a contribu\u00e9 de mani\u00e8re d\u00e9cisive \u00e0 la naissance de l\u2019\u00c9cole des Beaux-Arts de T\u00e9touan, de la m\u00eame mani\u00e8re, les membres de cette \u00e9cole n\u2019ont cess\u00e9 d\u2019enrichir la peinture espagnole contemporaine.\u00bb, soulignent les initiateurs de cet \u00e9v\u00e9nement artistique organis\u00e9 en collaboration avec l\u2019Ambassade du Maroc en Espagne.<\/p>\n<p>Au-del\u00e0 des affinit\u00e9s artistiques, les quatre artistes ont vu le jour au Maroc, ont fait leurs \u00e9tudes \u00a0\u00e0 la fois \u00e0 l\u2019l\u2019Ecole des Beaux-Arts de T\u00e9touan, et aux\u00a0 facult\u00e9s des Beaux-Arts de Barcelone, de Pontevedra et de Madrid.\u00a0 Ils partagent de fait le patrimoine artistique hispano-marocain.\u00a0 Vivre entre deux rives, peindre l\u2019entre-deux, l\u2019art demeure la maison de l\u2019\u00eatre, de l\u2019humain.<\/p>\n<p>A travers une dizaine d\u2019\u0153uvres, Messari donne \u00e0 voir un univers o\u00f9 la nature, l\u2019identit\u00e9, la mati\u00e8re, la relation de l\u2019homme des temps modernes avec les nouvelles technologies sont les ma\u00eetres mots. Le vrai peintre est celui qui s\u2019inspire et qui inspire aussi. En outre, les travaux de l\u2019artiste Khalid El Bekay sont une v\u00e9ritable d\u00e9couverte et r\u00e9-d\u00e9couverte de la calligraphie chinoise et arabe.<\/p>\n<p>Native de la colombe blanche, T\u00e9touan, Monia Touiss qui partage sa vie entre Marrakech et Barcelone a rendu un vibrant hommage aux po\u00e8tes des Mu\u2019allaq\u0101t, \u00e0 travers ses \u0153uvres pr\u00e9sent\u00e9es. Quant \u00e0 l\u2019artiste Amine Asselman, il a choisi de d\u00e9voiler par le bais de la sculpture, la c\u00e9ramique et la peinture, la splendeur du patrimoine culturel marocain et l\u2019h\u00e9ritage andalou. Les supports et les techniques utilis\u00e9s d\u00e9voilent ce qui\u00a0 demeure cach\u00e9 dans chaque \u0153uvre.<\/p>\n<p><strong>Hommage \u00e0 l\u2019\u00e9cole T\u00e9touan\u2026<\/strong><\/p>\n<p>L\u2019\u00c9cole des Beaux-Arts de T\u00e9touan a \u00e9t\u00e9 depuis toujours une p\u00e9pini\u00e8re et un socle des artistes marocains et \u00e9trangers. Ainsi, de grands noms de la peinture marocaine et espagnole y ont fait\u00a0 leurs \u00e9tudes dans les salles de l\u2019\u00e9cole t\u00e9touanaise avant d\u2019aller plus loin. C\u2019est ainsi\u00a0 l\u2019\u00e2me de l\u2019art\u00a0: voyager\u00a0!<\/p>\n<p>L\u2019exposition \u00ab\u00a0Liens ouverts\u00a0\u00bb rend hommage \u00e0\u00a0 cette \u00e9cole dont la valeur d\u00e9passe les fronti\u00e8res.<\/p>\n<p>\u00abLa liste des peintres et des cr\u00e9ateurs dipl\u00f4m\u00e9s de l\u2019\u00c9cole des Beaux-Arts de T\u00e9touan, depuis 1946, est aussi longue que remarquable. On peut rappeler quelques-uns d\u2019entre eux, tel que Amadeo Freixas et Mohamed Serghini, Antonio Moya Quir\u00f3s et Mohamed el Mlihi, Martin Prado et Mohamed Sbaa, Francisco Gonz\u00e1lez et Abdallah Fakhar, Luis Fernando Florent\u00edn et Mekki Meghara, ou encore Garcia Muela, Saad Safaj, Shams Eddoha Ataa-Allah, Ahmed Imrani et la liste est longue.<\/p>\n<p>Certains des peintres marocains mentionn\u00e9s sont aujourd\u2019hui membres de l\u2019Acad\u00e9mie Royale des Beaux-Arts de San Fernando \u00e0 Madrid ou de l\u2019Acad\u00e9mie Royale des Beaux-Arts de Sainte-Elisabeth de Hongrie \u00e0 S\u00e9ville, o\u00f9 ils ont compl\u00e9t\u00e9 leur formation\u00bb, ajoutent les organisateurs. Et d\u2019ajouter\u00a0: \u00abaujourd\u2019hui, nous pouvons affirmer l\u2019existence d\u2019une \u00e9cole hispano-marocaine dans les arts plastiques modernes et contemporains. La contribution de l\u2019\u0153uvre du chevalet espagnol \u00e0 la tradition artistique marocaine est venue r\u00e9volutionner son mode d\u2019expression\u00bb.<\/p>\n<p>Pour les initiateurs, la symbiose de ces deux traditions les a catapult\u00e9es sur la sc\u00e8ne internationale et a raviv\u00e9 l\u2019int\u00e9r\u00eat pour les \u00e9tudes en Beaux-Arts au Maroc, tout en promouvant en 2014 la cr\u00e9ation du Mus\u00e9e Mohamed VI d\u2019art contemporain de Rabat, preuve sans \u00e9quivoque que le pays jouit d\u2019une sant\u00e9 cr\u00e9atrice extraordinaire, ouverte \u00e0 toutes les tendances et \u00e0 vocation universelle.<\/p>\n<p>Il est \u00e0 rappeler que les cimaises du Mus\u00e9e national centre d\u2019art Reina Sofia \u00e0 Madrid abriteront en 2020 l\u2019exposition phare \u00abMaroc 2020 \u00e0 Madrid\u00bb \u00e0 l\u2019occasion de la saison culturelle marocaine en Espagne.<\/p>\n<p class=\"c2\"><strong>Mohamed Nait Youssef<\/strong><\/p>\n<p>Auteur: M&rsquo;hammed rahal<br \/>\n<a href=\"http:\/\/albayane.press.ma\/a-la-casa-arabe-de-madrid-quatre-artistes-hispano-marocains-tissent-les-liens%EF%BB%BF.html\">Cliquez ici pour lire l&rsquo;article depuis sa source.<\/a><\/p>\n","protected":false},"excerpt":{"rendered":"<p>L\u2019art tisse les liens entre les cultures et les peuples. En effet, entre le Maroc et l\u2019Espagne un pas, une histoire partag\u00e9e.\u00a0 C\u2019est \u00e0 la Casa \u00c1rabe de Madrid que quatre palettes hispano-marocaines exposent actuellement leurs \u0153uvres picturales. L\u2019\u00e9v\u00e9nement se poursuivra jusqu\u2019au 1er\u00a0 mars 2020\u00a0! Des univers divers\u2026 les touches artistiques de Said Messari, Monia [&hellip;]<\/p>\n","protected":false},"author":1760,"featured_media":0,"comment_status":"closed","ping_status":"closed","sticky":false,"template":"","format":"standard","meta":{"fifu_image_url":"","fifu_image_alt":"","footnotes":""},"categories":[73,54],"tags":[],"class_list":["post-71288","post","type-post","status-publish","format-standard","hentry","category-actualite","category-maroc"],"_links":{"self":[{"href":"https:\/\/linitiative.ca\/International\/wp-json\/wp\/v2\/posts\/71288","targetHints":{"allow":["GET"]}}],"collection":[{"href":"https:\/\/linitiative.ca\/International\/wp-json\/wp\/v2\/posts"}],"about":[{"href":"https:\/\/linitiative.ca\/International\/wp-json\/wp\/v2\/types\/post"}],"author":[{"embeddable":true,"href":"https:\/\/linitiative.ca\/International\/wp-json\/wp\/v2\/users\/1760"}],"replies":[{"embeddable":true,"href":"https:\/\/linitiative.ca\/International\/wp-json\/wp\/v2\/comments?post=71288"}],"version-history":[{"count":0,"href":"https:\/\/linitiative.ca\/International\/wp-json\/wp\/v2\/posts\/71288\/revisions"}],"wp:attachment":[{"href":"https:\/\/linitiative.ca\/International\/wp-json\/wp\/v2\/media?parent=71288"}],"wp:term":[{"taxonomy":"category","embeddable":true,"href":"https:\/\/linitiative.ca\/International\/wp-json\/wp\/v2\/categories?post=71288"},{"taxonomy":"post_tag","embeddable":true,"href":"https:\/\/linitiative.ca\/International\/wp-json\/wp\/v2\/tags?post=71288"}],"curies":[{"name":"wp","href":"https:\/\/api.w.org\/{rel}","templated":true}]}}